{"id":23246,"date":"2025-11-03T17:27:29","date_gmt":"2025-11-03T20:27:29","guid":{"rendered":"http:\/\/atitudenoticias.com.br\/?p=23246"},"modified":"2025-11-03T17:38:52","modified_gmt":"2025-11-03T20:38:52","slug":"campeonato-baiano-tera-novo-formato-para-2026-entenda-todas-as-mudancas","status":"publish","type":"post","link":"https:\/\/atitudenoticias.com.br\/?p=23246","title":{"rendered":"Campeonato Baiano ter\u00e1 novo formato para 2026; entenda todas as mudan\u00e7as"},"content":{"rendered":"\n<p class=\"has-text-align-center\"><strong><em>Competi\u00e7\u00e3o foi reduzida a 11 datas,&nbsp;como determinado pela CBF no calend\u00e1rio nacional do futebol brasileiro<\/em><\/strong><\/p>\n\n\n\n<p id=\"paragrafo-jbnogounij\">O Campeonato Baiano de 2026 foi apresentado nesta segunda-feira (3) com mudan\u00e7as na f\u00f3rmula de disputa. As novidades foram apresentadas durante reuni\u00e3o do Conselho T\u00e9cnico, na sede da Federa\u00e7\u00e3o Bahiana de Futebol (FBF).\u00a0A diretoria da entidade e os representantes dos dez clubes participantes definiram as mudan\u00e7as no regulamento da competi\u00e7\u00e3o. A principal delas diz respeito ao tamanho do campeonato, reduzido a 11 datas, como determinado pela CBF no calend\u00e1rio nacional do futebol brasileiro.<\/p>\n\n\n\n<p id=\"paragrafo-um5ih0bs58\">Com a redu\u00e7\u00e3o, os clubes, por unanimidade, optaram pela f\u00f3rmula apresentada pela FBF. Os dez participantes (Atl\u00e9tico, Bahia, Barcelona, Bahia de Feira, Gal\u00edcia, Jacuipense, Jequi\u00e9, Juazeirense, Porto e Vit\u00f3ria) ir\u00e3o compor um grupo \u00fanico na primeira fase.&nbsp;Todos se enfrentam em partidas apenas de ida com pontos corridos para defini\u00e7\u00e3o dos classificados. Os quatro primeiros avan\u00e7am para a semifinal e os dois \u00faltimos ser\u00e3o rebaixados para a S\u00e9rie B de 2027.<\/p>\n\n\n\n<p id=\"paragrafo-wmz0ff7u3v\">Na semifinal, os quatro classificados formar\u00e3o dois novos grupos, de n\u00fameros 2 (1\u00ba x 4\u00ba) e 3 (2\u00ba x 3\u00ba). Os confrontos ser\u00e3o disputados no sistema apenas de ida, com mandos de campo dos dois melhores colocados na classifica\u00e7\u00e3o geral. Em casos de empates nos jogos \u00fanicos, as vagas na decis\u00e3o ser\u00e3o decididas nos p\u00eanaltis.<\/p>\n\n\n\n<p id=\"paragrafo-x195uk31ai\">Os dois vencedores far\u00e3o a final do Baian\u00e3o em jogo \u00fanico, que valer\u00e1 o t\u00edtulo e ser\u00e1 disputado na casa do melhor colocado na classifica\u00e7\u00e3o geral. Assim como na fase anterior, em caso de empate nos 90 minutos, o campe\u00e3o ser\u00e1 conhecido nas cobran\u00e7as de p\u00eanaltis.<\/p>\n\n\n\n<p id=\"paragrafo-cxjx8nqbb2\">Devido \u00e0 necessidade de se realizar as semifinais e a final em jogos \u00fanicos, a FBF prop\u00f4s e os clubes aprovaram, por unanimidade, que as rendas dessas partidas sejam divididas, ap\u00f3s dedu\u00e7\u00e3o de todos os custos operacionais, entre os dois clubes de cada duelo.&nbsp;O campeonato ser\u00e1 iniciado em 10 de janeiro e finalizado em 7 ou 8 de mar\u00e7o. A 1\u00aa fase ter\u00e1 nove rodadas. As 2\u00aa e 3\u00aa fases ter\u00e3o uma rodada cada.<\/p>\n\n\n\n<h2 class=\"wp-block-heading\" id=\"intertitulo-d5b4g75ro2\">Vagas em competi\u00e7\u00f5es<\/h2>\n\n\n\n<p id=\"paragrafo-zij6z4bmob\">As tr\u00eas vagas na Copa do Brasil 2027 ser\u00e3o reservadas para o campe\u00e3o, o vice-campe\u00e3o e o terceiro colocado do Baian\u00e3o. A quarta vaga ser\u00e1 direcionada \u00e0 Copa Governador ou outra competi\u00e7\u00e3o estadual a ser disputada ainda em 2026. Caso essa competi\u00e7\u00e3o n\u00e3o ocorra, a vaga ser\u00e1 destinada ao quarto colocado do Baian\u00e3o.<\/p>\n\n\n\n<p id=\"paragrafo-fyfgj81a5f\">J\u00e1 as tr\u00eas vagas no Brasileir\u00e3o S\u00e9rie D 2027 ser\u00e3o destinadas para as equipes melhores colocadas no Baian\u00e3o, desde que n\u00e3o sejam integrantes de outras s\u00e9ries do campeonato nacional. Na Copa do Nordeste, duas vagas v\u00e3o para campe\u00e3o e o vice-campe\u00e3o baiano, enquanto uma terceira equipe ser\u00e1 escolhida via&nbsp;Ranking Nacional de Clubes 2026 da CBF.&nbsp;Segundo determina\u00e7\u00e3o da CBF, os clubes participantes das Copas Libertadores e Sul-Americana n\u00e3o poder\u00e3o disputar a Copa do Nordeste.<\/p>\n\n\n\n<p id=\"paragrafo-l3bzuy5ldv\">Para os est\u00e1dios utilizados na competi\u00e7\u00e3o, ser\u00e1 exigida capacidade m\u00ednima de 1.900 torcedores sentados para os jogos da 1\u00aa fase e da semifinal. Para a final, ser\u00e1 exigida capacidade m\u00ednima de quatro mil torcedores sentados. Durante a reuni\u00e3o, ainda foi criada uma comiss\u00e3o, formada pela FBF e cinco clubes (Bahia, Vit\u00f3ria, Jacuipense, Juazeirense e Porto), para colaborar na busca por bons gramados. O grupo far\u00e1 avalia\u00e7\u00f5es, sugest\u00f5es e cobran\u00e7as aos respons\u00e1veis pelos est\u00e1dios para que o campeonato tenha gramados e boas condi\u00e7\u00f5es para a pr\u00e1tica do futebol, com seguran\u00e7a para os atletas.<\/p>\n\n\n\n<p id=\"paragrafo-5gkqd43ejn\"><em>*O regulamento e a tabela b\u00e1sica do Baian\u00e3o 2026 ainda ser\u00e3o divulgados.<strong> (Correio24hs)<\/strong><\/em><\/p>\n","protected":false},"excerpt":{"rendered":"<p>Competi\u00e7\u00e3o foi reduzida a 11 datas,&nbsp;como determinado pela CBF no calend\u00e1rio nacional do futebol brasileiro&hellip;<\/p>\n","protected":false},"author":2,"featured_media":15322,"comment_status":"open","ping_status":"open","sticky":false,"template":"","format":"standard","meta":{"footnotes":""},"categories":[26],"tags":[],"class_list":["post-23246","post","type-post","status-publish","format-standard","has-post-thumbnail","hentry","category-esportes"],"_links":{"self":[{"href":"https:\/\/atitudenoticias.com.br\/index.php?rest_route=\/wp\/v2\/posts\/23246","targetHints":{"allow":["GET"]}}],"collection":[{"href":"https:\/\/atitudenoticias.com.br\/index.php?rest_route=\/wp\/v2\/posts"}],"about":[{"href":"https:\/\/atitudenoticias.com.br\/index.php?rest_route=\/wp\/v2\/types\/post"}],"author":[{"embeddable":true,"href":"https:\/\/atitudenoticias.com.br\/index.php?rest_route=\/wp\/v2\/users\/2"}],"replies":[{"embeddable":true,"href":"https:\/\/atitudenoticias.com.br\/index.php?rest_route=%2Fwp%2Fv2%2Fcomments&post=23246"}],"version-history":[{"count":3,"href":"https:\/\/atitudenoticias.com.br\/index.php?rest_route=\/wp\/v2\/posts\/23246\/revisions"}],"predecessor-version":[{"id":23251,"href":"https:\/\/atitudenoticias.com.br\/index.php?rest_route=\/wp\/v2\/posts\/23246\/revisions\/23251"}],"wp:featuredmedia":[{"embeddable":true,"href":"https:\/\/atitudenoticias.com.br\/index.php?rest_route=\/wp\/v2\/media\/15322"}],"wp:attachment":[{"href":"https:\/\/atitudenoticias.com.br\/index.php?rest_route=%2Fwp%2Fv2%2Fmedia&parent=23246"}],"wp:term":[{"taxonomy":"category","embeddable":true,"href":"https:\/\/atitudenoticias.com.br\/index.php?rest_route=%2Fwp%2Fv2%2Fcategories&post=23246"},{"taxonomy":"post_tag","embeddable":true,"href":"https:\/\/atitudenoticias.com.br\/index.php?rest_route=%2Fwp%2Fv2%2Ftags&post=23246"}],"curies":[{"name":"wp","href":"https:\/\/api.w.org\/{rel}","templated":true}]}}