{"id":23317,"date":"2025-11-13T17:48:07","date_gmt":"2025-11-13T20:48:07","guid":{"rendered":"http:\/\/atitudenoticias.com.br\/?p=23317"},"modified":"2025-11-13T18:26:36","modified_gmt":"2025-11-13T21:26:36","slug":"lei-estabelece-limite-maximo-de-15-minutos-para-atendimento-presencial-na-coelba-em-feira","status":"publish","type":"post","link":"https:\/\/atitudenoticias.com.br\/?p=23317","title":{"rendered":"Lei estabelece limite m\u00e1ximo de 15 minutos para atendimento presencial na Coelba em Feira"},"content":{"rendered":"\n<p class=\"has-text-align-center\"><em><strong>A medida tamb\u00e9m estabelece exce\u00e7\u00f5es para aplica\u00e7\u00e3o do tempo m\u00e1ximo de espera por atendimento nas unidades da Coelba<\/strong><\/em><\/p>\n\n\n\n<p>A Companhia de Eletricidade do Estado da Bahia (Coelba) em Feira de Santana passa a ser obrigada a realizar o atendimento presencial aos consumidores nas unidades instaladas na cidade no tempo m\u00e1ximo de 15 minutos. A determina\u00e7\u00e3o est\u00e1 prevista na Lei Municipal n\u00ba 4.354, sancionada pelo prefeito Jos\u00e9 Ronaldo de Carvalho e publicada no Di\u00e1rio Oficial do Munic\u00edpio (www.feiradesantana.ba.gov.br), edi\u00e7\u00e3o desta quarta-feira, dia 12 de novembro.<\/p>\n\n\n\n<p>A medida tamb\u00e9m estabelece exce\u00e7\u00f5es para aplica\u00e7\u00e3o do tempo m\u00e1ximo de espera por atendimento nas unidades da Companhia de Eletricidade do Estado da Bahia (Coelba). Em dias de grande movimento, como v\u00e9speras de feriados, in\u00edcio e final de m\u00eas, o tempo de espera poder\u00e1 ser de at\u00e9 30 (trinta) minutos, desde que haja justificativa vis\u00edvel ao p\u00fablico.<\/p>\n\n\n\n<p>Para garantir a aplica\u00e7\u00e3o da lei com efic\u00e1cia, dever\u00e3o ser instalados sistemas de controle eletr\u00f4nico ou manual de senhas, com emiss\u00e3o de comprovante de chegada que registre data e hor\u00e1rio, de forma a possibilitar a fiscaliza\u00e7\u00e3o do seu cumprimento.<\/p>\n\n\n\n<p>Ter\u00e3o prioridade no atendimento pessoas idosas, gestantes, lactantes, pessoas com defici\u00eancia e pessoas com crian\u00e7as de colo, conforme legisla\u00e7\u00e3o federal aplic\u00e1vel.<\/p>\n\n\n\n<p>As unidades da Coelba ter\u00e3o o prazo de 120 (cento e vinte) dias para se adequarem \u00e0s disposi\u00e7\u00f5es desta lei, contados a partir de sua publica\u00e7\u00e3o. O descumprimento das disposi\u00e7\u00f5es sujeitar\u00e1 o infrator \u00e0s seguintes penalidades, sem preju\u00edzo de outras san\u00e7\u00f5es previstas em legisla\u00e7\u00e3o aplic\u00e1vel: advert\u00eancia, na primeira autua\u00e7\u00e3o; multa no valor de R$ 5.000,00 (cinco mil reais), dobrada em caso de reincid\u00eancia; e, em caso de reiterado descumprimento, poder\u00e1 ser solicitada a suspens\u00e3o tempor\u00e1ria do funcionamento da unidade infratora, conforme avalia\u00e7\u00e3o do Poder P\u00fablico Municipal.<\/p>\n\n\n\n<p>O Poder Executivo regulamentar\u00e1 esta lei no que couber, inclusive quanto \u00e0 fiscaliza\u00e7\u00e3o e aplica\u00e7\u00e3o das san\u00e7\u00f5es administrativas. A lei, decretada pelo Legislativo feirense, \u00e9 de autoria do vereador Jorge Oliveira. <\/p>\n","protected":false},"excerpt":{"rendered":"<p>A medida tamb\u00e9m estabelece exce\u00e7\u00f5es para aplica\u00e7\u00e3o do tempo m\u00e1ximo de espera por atendimento nas&hellip;<\/p>\n","protected":false},"author":2,"featured_media":23328,"comment_status":"open","ping_status":"open","sticky":false,"template":"","format":"standard","meta":{"footnotes":""},"categories":[58,62],"tags":[],"class_list":["post-23317","post","type-post","status-publish","format-standard","has-post-thumbnail","hentry","category-feira-de-santana","category-justica"],"_links":{"self":[{"href":"https:\/\/atitudenoticias.com.br\/index.php?rest_route=\/wp\/v2\/posts\/23317","targetHints":{"allow":["GET"]}}],"collection":[{"href":"https:\/\/atitudenoticias.com.br\/index.php?rest_route=\/wp\/v2\/posts"}],"about":[{"href":"https:\/\/atitudenoticias.com.br\/index.php?rest_route=\/wp\/v2\/types\/post"}],"author":[{"embeddable":true,"href":"https:\/\/atitudenoticias.com.br\/index.php?rest_route=\/wp\/v2\/users\/2"}],"replies":[{"embeddable":true,"href":"https:\/\/atitudenoticias.com.br\/index.php?rest_route=%2Fwp%2Fv2%2Fcomments&post=23317"}],"version-history":[{"count":1,"href":"https:\/\/atitudenoticias.com.br\/index.php?rest_route=\/wp\/v2\/posts\/23317\/revisions"}],"predecessor-version":[{"id":23318,"href":"https:\/\/atitudenoticias.com.br\/index.php?rest_route=\/wp\/v2\/posts\/23317\/revisions\/23318"}],"wp:featuredmedia":[{"embeddable":true,"href":"https:\/\/atitudenoticias.com.br\/index.php?rest_route=\/wp\/v2\/media\/23328"}],"wp:attachment":[{"href":"https:\/\/atitudenoticias.com.br\/index.php?rest_route=%2Fwp%2Fv2%2Fmedia&parent=23317"}],"wp:term":[{"taxonomy":"category","embeddable":true,"href":"https:\/\/atitudenoticias.com.br\/index.php?rest_route=%2Fwp%2Fv2%2Fcategories&post=23317"},{"taxonomy":"post_tag","embeddable":true,"href":"https:\/\/atitudenoticias.com.br\/index.php?rest_route=%2Fwp%2Fv2%2Ftags&post=23317"}],"curies":[{"name":"wp","href":"https:\/\/api.w.org\/{rel}","templated":true}]}}