{"id":23355,"date":"2025-11-18T17:07:46","date_gmt":"2025-11-18T20:07:46","guid":{"rendered":"http:\/\/atitudenoticias.com.br\/?p=23355"},"modified":"2025-11-18T17:07:46","modified_gmt":"2025-11-18T20:07:46","slug":"prefeitura-realiza-24a-edicao-do-casamento-coletivo-com-204-casais","status":"publish","type":"post","link":"https:\/\/atitudenoticias.com.br\/?p=23355","title":{"rendered":"Prefeitura realiza 24\u00aa edi\u00e7\u00e3o do Casamento Coletivo com 204 casais"},"content":{"rendered":"\n<p class=\"has-text-align-center\"><em><strong>A a\u00e7\u00e3o tem como objetivo promover a cidadania, fortalecer v\u00ednculos familiares e garantir o acesso ao casamento civil de forma gratuita<\/strong><\/em><\/p>\n\n\n\n<p>A Prefeitura de Feira, por meio da Secretaria de Desenvolvimento Social (SEDESO), promove anualmente o Casamento Coletivo, evento j\u00e1 tradicional no munic\u00edpio e respons\u00e1vel por celebrar a uni\u00e3o de centenas de casais.<\/p>\n\n\n\n<p>Em 2024, 104 casais oficializaram sua uni\u00e3o por meio da iniciativa. Neste ano, a tradi\u00e7\u00e3o se fortalece com ainda mais participantes: no dia 27 de novembro, a partir das 8h, o Olimpo Eventos ser\u00e1 palco da 24\u00aa edi\u00e7\u00e3o do Casamento Coletivo, reunindo 204 casais que ir\u00e3o dizer \u201csim\u201d em uma grande cerim\u00f4nia.<\/p>\n\n\n\n<p>A a\u00e7\u00e3o tem como objetivo promover a cidadania, fortalecer v\u00ednculos familiares e garantir o acesso ao casamento civil de forma gratuita, beneficiando casais que sonham em formalizar sua uni\u00e3o, mas encontram dificuldades financeiras ou burocr\u00e1ticas.<\/p>\n\n\n\n<p><strong>Hist\u00f3rias de amor que inspiram<\/strong><\/p>\n\n\n\n<p>Entre os muitos casais que j\u00e1 participaram da iniciativa est\u00e1 o de Patr\u00edcia Vaz, 38 anos, operadora de montagem, e Andr\u00e9 Lima, que oficializaram sua uni\u00e3o no Casamento Coletivo de 2024, ap\u00f3s seis anos juntos.<\/p>\n\n\n\n<p>\u201cO Casamento Coletivo \u00e9 importante para nossa cidade porque muitos t\u00eam o sonho de casar, mas n\u00e3o t\u00eam condi\u00e7\u00f5es ou tempo para resolver as quest\u00f5es documentais. A SEDESO providenciou tudo, e foi a melhor experi\u00eancia que vivemos. Estamos muito felizes com a nossa uni\u00e3o e s\u00f3 temos a agradecer pela organiza\u00e7\u00e3o, estrutura e pelo olhar humanizado que voc\u00eas t\u00eam\u201d, destacou Patr\u00edcia.<\/p>\n\n\n\n<p>O marido, Andr\u00e9, reafirma o impacto positivo da cerim\u00f4nia. \u201cQueria poder casar com minha esposa todo ano no Casamento Coletivo. Parabenizo a Prefeitura por proporcionar esse evento n\u00e3o s\u00f3 para n\u00f3s, mas para todos os casais que participaram. Tudo foi muito bem organizado, impec\u00e1vel. Sem d\u00favidas, este ano ser\u00e1 ainda melhor\u201d.<\/p>\n\n\n\n<p><strong>Compromisso social<\/strong><\/p>\n\n\n\n<p>A secret\u00e1ria de Desenvolvimento Social, Gerusa Sampaio, destacou a import\u00e2ncia da iniciativa e o compromisso da pasta com a popula\u00e7\u00e3o. \u201c\u00c9 maravilhoso e gratificante acompanhar relatos de casais que decidiram oficializar sua uni\u00e3o por meio do nosso servi\u00e7o. Estamos empenhados em oferecer sempre o melhor atendimento. Nesta edi\u00e7\u00e3o, organizamos tudo com muito carinho para proporcionar a melhor experi\u00eancia poss\u00edvel aos participantes\u201d, afirmou.<\/p>\n\n\n\n<p>J\u00e1 a chefe da Divis\u00e3o de Cidadania e Inclus\u00e3o Produtiva, Ivone Fernandes, ressaltou o aprimoramento constante do evento. \u201cA cada edi\u00e7\u00e3o, buscamos inovar e melhorar para que cada casal, padrinhos e convidados vivenciem uma experi\u00eancia \u00fanica. Este ano, tivemos 288 inscri\u00e7\u00f5es, mas devido a pend\u00eancias documentais, 204 casais confirmaram participa\u00e7\u00e3o. A expectativa \u00e9 sempre a melhor, porque trabalhamos para oferecer, ano ap\u00f3s ano, um evento ainda mais especial para todos\u201d, disse. <strong><em>(SECOM\/PMFS)<\/em><\/strong><\/p>\n","protected":false},"excerpt":{"rendered":"<p>A a\u00e7\u00e3o tem como objetivo promover a cidadania, fortalecer v\u00ednculos familiares e garantir o acesso&hellip;<\/p>\n","protected":false},"author":2,"featured_media":23356,"comment_status":"open","ping_status":"open","sticky":false,"template":"","format":"standard","meta":{"footnotes":""},"categories":[58,70],"tags":[],"class_list":["post-23355","post","type-post","status-publish","format-standard","has-post-thumbnail","hentry","category-feira-de-santana","category-religiao"],"_links":{"self":[{"href":"https:\/\/atitudenoticias.com.br\/index.php?rest_route=\/wp\/v2\/posts\/23355","targetHints":{"allow":["GET"]}}],"collection":[{"href":"https:\/\/atitudenoticias.com.br\/index.php?rest_route=\/wp\/v2\/posts"}],"about":[{"href":"https:\/\/atitudenoticias.com.br\/index.php?rest_route=\/wp\/v2\/types\/post"}],"author":[{"embeddable":true,"href":"https:\/\/atitudenoticias.com.br\/index.php?rest_route=\/wp\/v2\/users\/2"}],"replies":[{"embeddable":true,"href":"https:\/\/atitudenoticias.com.br\/index.php?rest_route=%2Fwp%2Fv2%2Fcomments&post=23355"}],"version-history":[{"count":1,"href":"https:\/\/atitudenoticias.com.br\/index.php?rest_route=\/wp\/v2\/posts\/23355\/revisions"}],"predecessor-version":[{"id":23357,"href":"https:\/\/atitudenoticias.com.br\/index.php?rest_route=\/wp\/v2\/posts\/23355\/revisions\/23357"}],"wp:featuredmedia":[{"embeddable":true,"href":"https:\/\/atitudenoticias.com.br\/index.php?rest_route=\/wp\/v2\/media\/23356"}],"wp:attachment":[{"href":"https:\/\/atitudenoticias.com.br\/index.php?rest_route=%2Fwp%2Fv2%2Fmedia&parent=23355"}],"wp:term":[{"taxonomy":"category","embeddable":true,"href":"https:\/\/atitudenoticias.com.br\/index.php?rest_route=%2Fwp%2Fv2%2Fcategories&post=23355"},{"taxonomy":"post_tag","embeddable":true,"href":"https:\/\/atitudenoticias.com.br\/index.php?rest_route=%2Fwp%2Fv2%2Ftags&post=23355"}],"curies":[{"name":"wp","href":"https:\/\/api.w.org\/{rel}","templated":true}]}}