{"id":23377,"date":"2025-11-21T20:45:52","date_gmt":"2025-11-21T23:45:52","guid":{"rendered":"http:\/\/atitudenoticias.com.br\/?p=23377"},"modified":"2025-11-23T20:46:06","modified_gmt":"2025-11-23T23:46:06","slug":"black-friday-deve-movimentar-r-54-bilhoes-no-comercio-do-pais","status":"publish","type":"post","link":"https:\/\/atitudenoticias.com.br\/?p=23377","title":{"rendered":"Black Friday deve movimentar R$ 5,4 bilh\u00f5es no com\u00e9rcio do pa\u00eds"},"content":{"rendered":"\n<p class=\"has-text-align-center\"><strong><em>Maior fatia ficar\u00e1 com hiper e supermercados, prev\u00ea CNC<\/em><\/strong><\/p>\n\n\n\n<p>O com\u00e9rcio&nbsp;deve receber volume recorde de R$ 5,4 bilh\u00f5es com a Black Friday deste ano, temporada de compras que ter\u00e1 como marco a sexta-feira da pr\u00f3xima semana (28). A estimativa&nbsp;\u00e9 da Confedera\u00e7\u00e3o Nacional do Com\u00e9rcio de Bens, Servi\u00e7os e Turismo (CNC).<img decoding=\"async\" src=\"https:\/\/agenciabrasil.ebc.com.br\/ebc.png?id=1668700&amp;o=node\"><img decoding=\"async\" src=\"https:\/\/agenciabrasil.ebc.com.br\/ebc.gif?id=1668700&amp;o=node\"><\/p>\n\n\n\n<p><strong>A&nbsp;<a href=\"https:\/\/portal-bucket.azureedge.net\/wp-content\/2025\/11\/Black_Friday_2025.pdf\" target=\"_blank\" rel=\"noreferrer noopener\">proje\u00e7\u00e3o da CNC<\/a>&nbsp;representa crescimento de 2,4% em compara\u00e7\u00e3o com o ano passado (R$ 5,27 bilh\u00f5es), j\u00e1 descontada a infla\u00e7\u00e3o do per\u00edodo<\/strong>.<\/p>\n\n\n\n<p>O economista-chefe da CNC, Fabio Bentes, explicou \u00e0&nbsp;<strong>Ag\u00eancia Brasil<\/strong>&nbsp;que a pesquisa n\u00e3o se refere a um dia espec\u00edfico, mas ao impacto ao longo do m\u00eas de novembro. \u201cIsso \u00e9 uma caracter\u00edstica da Black Friday brasileira\u201d, diz.<\/p>\n\n\n\n<p>A Black Friday j\u00e1 \u00e9 a quinta data mais importante para o com\u00e9rcio, ficando atr\u00e1s do Natal, Dia das M\u00e3es, Dia das Crian\u00e7as e Dia dos Pais.<\/p>\n\n\n\n<p><strong>Os setores que podem ter maiores vendas s\u00e3o<\/strong>:<\/p>\n\n\n\n<ul class=\"wp-block-list\">\n<li>hiper e supermercados: R$ 1,32 bilh\u00e3o<\/li>\n\n\n\n<li>eletroeletr\u00f4nicos e utilidades dom\u00e9sticas: R$ 1,24 bilh\u00e3o<\/li>\n\n\n\n<li>m\u00f3veis e eletrodom\u00e9sticos: R$ 1,15 bilh\u00e3o<\/li>\n\n\n\n<li>vestu\u00e1rio, cal\u00e7ados e acess\u00f3rios: R$ 950 milh\u00f5es<\/li>\n\n\n\n<li>farm\u00e1cias, perfumarias e cosm\u00e9ticos: R$ 380 milh\u00f5es<\/li>\n\n\n\n<li>livrarias, papelarias, inform\u00e1tica e comunica\u00e7\u00e3o: R$ 360 milh\u00f5es<\/li>\n<\/ul>\n\n\n\n<h2 class=\"wp-block-heading\">Influ\u00eancias<\/h2>\n\n\n\n<p>Ao apontar motivos para o volume recorde, a CNC lembra que a&nbsp;<strong>economia brasileira tem vivenciado desvaloriza\u00e7\u00e3o do d\u00f3lar (que deixa produtos importados mais baratos), perda de for\u00e7a da infla\u00e7\u00e3o e crescimento de emprego e renda m\u00e9dia do trabalhador<\/strong>.<\/p>\n\n\n\n<p>A taxa de desemprego no pa\u00eds alcan\u00e7ou 5,6% no trimestre encerrado em setembro, o n\u00edvel mais baixo j\u00e1 apurado pela s\u00e9rie hist\u00f3rica do&nbsp;<a href=\"https:\/\/agenciabrasil.ebc.com.br\/economia\/noticia\/2025-10\/desemprego-no-trimestre-cai-para-menor-taxa-da-serie-historica\" target=\"_blank\" rel=\"noreferrer noopener\">Instituto Brasileiro de Geografia e Estat\u00edstica (IBGE)<\/a>, iniciada em 2002.<\/p>\n\n\n\n<p><strong>Por outro lado, a CNC aponta fatores que impedem um crescimento ainda maior nas vendas: o n\u00edvel elevado dos juros e o patamar de fam\u00edlias endividadas<\/strong>.<\/p>\n\n\n\n<p>O estudo cita um levantamento do Banco Central que aponta taxa m\u00e9dia de juros das opera\u00e7\u00f5es de cr\u00e9ditos livres destinadas \u00e0s pessoas f\u00edsicas em 58,3% ao ano, maior n\u00edvel para essa \u00e9poca do ano desde 2017.<\/p>\n\n\n\n<p>Em rela\u00e7\u00e3o ao endividamento, a entidade representativa do com\u00e9rcio cita pesquisa pr\u00f3pria que mostra 30,5% das fam\u00edlias com contas em atraso.<\/p>\n\n\n\n<p>Outro fator que pesa contra \u00e9 a concorr\u00eancia com o setor externo, por meio de importa\u00e7\u00f5es. Ou seja, pessoas que preferem comprar de lojas estrangeiras.<\/p>\n\n\n\n<h2 class=\"wp-block-heading\">Descontos<\/h2>\n\n\n\n<p>A CNC fez um acompanhamento di\u00e1rio de 150 pre\u00e7os de itens de 30 categorias para medir os descontos m\u00e9dios. O levantamento aponta que 70% delas revelaram \u201celevado potencial de redu\u00e7\u00e3o\u201d,&nbsp;quando o pre\u00e7o j\u00e1 acusava tend\u00eancia de queda superior a 5%.<\/p>\n\n\n\n<p><strong>Os maiores descontos ficaram com as seguintes categorias<\/strong>:<\/p>\n\n\n\n<ul class=\"wp-block-list\">\n<li>Papelaria: 10,14%<\/li>\n\n\n\n<li>Livros: 9,02%<\/li>\n\n\n\n<li>Joias e Bijuterias: 9,01%<\/li>\n\n\n\n<li>Perfumaria: 8,20%<\/li>\n\n\n\n<li>Utilidades Dom\u00e9sticas: 8,18%<\/li>\n\n\n\n<li>Higiene Pessoal: 8,11%<\/li>\n\n\n\n<li>Moda: 7,82%<\/li>\n\n\n\n<li>Hist\u00f3ria<\/li>\n<\/ul>\n\n\n\n<p><strong>A Black Friday brasileira \u00e9 inspirada na tradicional queima de estoques realizada pelos comerciantes dos Estados Unidos ap\u00f3s a celebra\u00e7\u00e3o do Dia de A\u00e7\u00e3o de Gra\u00e7as<\/strong>, feriado americano comemorado sempre na \u00faltima quinta-feira de novembro.<\/p>\n\n\n\n<p>Em 2010, segundo a CNC, a movimenta\u00e7\u00e3o foi de R$ 1,52 bilh\u00e3o. \u00c0 \u00e9poca, apenas os segmentos de m\u00f3veis e eletrodom\u00e9sticos, livrarias e papelarias e as lojas de utilidades dom\u00e9sticas e eletroeletr\u00f4nicos estavam envolvidos com o evento.<\/p>\n\n\n\n<h2 class=\"wp-block-heading\">Cuidados<\/h2>\n\n\n\n<p><strong>A temporada de promo\u00e7\u00f5es e apelo de vendas \u00e9 acompanhada por armadilhas de golpistas e fraudadores, o que exige aten\u00e7\u00e3o dos consumidores<\/strong>.<\/p>\n\n\n\n<p>A Secretaria Nacional do Consumidor (Senacon), vinculada ao Minist\u00e9rio da Justi\u00e7a e Seguran\u00e7a P\u00fablica, disponibiliza um&nbsp;<a href=\"https:\/\/www.gov.br\/mj\/pt-br\/assuntos\/noticias\/ministerio-da-justica-lanca-guia-do-consumidor-para-a-black-friday\/copy2_of_CartilhaSenaconBlackFriday12.pdf\" target=\"_blank\" rel=\"noreferrer noopener\">guia<\/a>&nbsp;para diminuir a chance de ser enganado.<\/p>\n\n\n\n<h2 class=\"wp-block-heading\">Confira algumas orienta\u00e7\u00f5es:<\/h2>\n\n\n\n<ul class=\"wp-block-list\">\n<li>Desconfie de descontos irreais: promo\u00e7\u00f5es podem esconder pre\u00e7os inflados previamente. \u00c9 poss\u00edvel acompanhar e comparar os valores dos produtos desejados ao longo do tempo, usando ferramentas on-line<\/li>\n\n\n\n<li>Cheque a reputa\u00e7\u00e3o da loja: especialmente em plataformas desconhecidas, pesquise em sites de reclama\u00e7\u00f5es<\/li>\n\n\n\n<li>Aten\u00e7\u00e3o \u00e0 entrega e aos reembolsos: verifique os prazos e pol\u00edticas antes de fechar a compra<\/li>\n\n\n\n<li>\u00a0Prefira sites seguros: veja se o endere\u00e7o come\u00e7a com &#8220;https&#8221; e se h\u00e1 um cadeado ao lado do URL (endere\u00e7o virtual)<\/li>\n\n\n\n<li>Direito de arrependimento: compras on-line t\u00eam at\u00e9 sete dias para arrependimento com reembolso total<\/li>\n\n\n\n<li>Caso suspeite de propaganda enganosa ou se sinta lesado em uma compra, denuncie no\u00a0<a href=\"https:\/\/consumidor.gov.br\/pages\/principal\/?1732828159298\" target=\"_blank\" rel=\"noreferrer noopener\">portal<\/a>\u00a0consumidor.gov.br ou no Procon do seu estado<\/li>\n<\/ul>\n\n\n\n<h2 class=\"wp-block-heading\">Golpe por IA<\/h2>\n\n\n\n<p>Uma pesquisa recente publicada pelo&nbsp;<strong><a href=\"https:\/\/www.reclameaqui.com.br\/login\/consumidor\/\" target=\"_blank\" rel=\"noreferrer noopener\">site<\/a>&nbsp;Reclame Aqui<\/strong>&nbsp;apontou que 63% dos consumidores n\u00e3o conseguem identificar golpes com intelig\u00eancia artificial (IA).<\/p>\n\n\n\n<p><strong>O escrit\u00f3rio Baptis\u200bta Luz Advogados, parceiro do site, apontou alguns caminhos que ajudam a identificar poss\u00edveis golpes elaboradas por IA<\/strong>:<\/p>\n\n\n\n<ul class=\"wp-block-list\">\n<li>V\u00eddeos e vozes artificiais, falas descompassadas, piscadas fora de ritmo ou vozes com entona\u00e7\u00e3o rob\u00f3tica<\/li>\n\n\n\n<li>An\u00fancios com celebridades ou influenciadores em contextos incomuns: quando o rosto ou a voz de uma pessoa famosa aparece promovendo algo que ela nunca divulgou oficialmente, por exemplo<\/li>\n\n\n\n<li>Mensagens muito formais, com frases repetitivas ou erros sutis de concord\u00e2ncia e pontua\u00e7\u00e3o<\/li>\n\n\n\n<li>Perfis falsos com apar\u00eancia profissional, contas rec\u00e9m-criadas em redes sociais, sem hist\u00f3rico de postagens ou com coment\u00e1rios automatizados<\/li>\n\n\n\n<li>Imagens ou logotipos distorcidos: a IA ainda falha em pequenos detalhes, logos ligeiramente diferentes, sombras incoerentes, m\u00e3os ou objetos com propor\u00e7\u00f5es estranhas em imagens promocionais s\u00e3o pistas de manipula\u00e7\u00e3o digital<\/li>\n\n\n\n<li>Comunica\u00e7\u00f5es que simulam atendimento humano: chats, e-mails ou mensagens com atendentes que parecem reais, mas respondem de forma gen\u00e9rica<\/li>\n<\/ul>\n\n\n\n<p><em><strong>(Ag\u00eancia Brasil)<\/strong><\/em><\/p>\n\n\n\n<p class=\"has-text-align-center\"><br><\/p>\n","protected":false},"excerpt":{"rendered":"<p>Maior fatia ficar\u00e1 com hiper e supermercados, prev\u00ea CNC O com\u00e9rcio&nbsp;deve receber volume recorde de&hellip;<\/p>\n","protected":false},"author":2,"featured_media":9417,"comment_status":"open","ping_status":"open","sticky":false,"template":"","format":"standard","meta":{"footnotes":""},"categories":[20,56],"tags":[],"class_list":["post-23377","post","type-post","status-publish","format-standard","has-post-thumbnail","hentry","category-brasil","category-economia"],"_links":{"self":[{"href":"https:\/\/atitudenoticias.com.br\/index.php?rest_route=\/wp\/v2\/posts\/23377","targetHints":{"allow":["GET"]}}],"collection":[{"href":"https:\/\/atitudenoticias.com.br\/index.php?rest_route=\/wp\/v2\/posts"}],"about":[{"href":"https:\/\/atitudenoticias.com.br\/index.php?rest_route=\/wp\/v2\/types\/post"}],"author":[{"embeddable":true,"href":"https:\/\/atitudenoticias.com.br\/index.php?rest_route=\/wp\/v2\/users\/2"}],"replies":[{"embeddable":true,"href":"https:\/\/atitudenoticias.com.br\/index.php?rest_route=%2Fwp%2Fv2%2Fcomments&post=23377"}],"version-history":[{"count":1,"href":"https:\/\/atitudenoticias.com.br\/index.php?rest_route=\/wp\/v2\/posts\/23377\/revisions"}],"predecessor-version":[{"id":23378,"href":"https:\/\/atitudenoticias.com.br\/index.php?rest_route=\/wp\/v2\/posts\/23377\/revisions\/23378"}],"wp:featuredmedia":[{"embeddable":true,"href":"https:\/\/atitudenoticias.com.br\/index.php?rest_route=\/wp\/v2\/media\/9417"}],"wp:attachment":[{"href":"https:\/\/atitudenoticias.com.br\/index.php?rest_route=%2Fwp%2Fv2%2Fmedia&parent=23377"}],"wp:term":[{"taxonomy":"category","embeddable":true,"href":"https:\/\/atitudenoticias.com.br\/index.php?rest_route=%2Fwp%2Fv2%2Fcategories&post=23377"},{"taxonomy":"post_tag","embeddable":true,"href":"https:\/\/atitudenoticias.com.br\/index.php?rest_route=%2Fwp%2Fv2%2Ftags&post=23377"}],"curies":[{"name":"wp","href":"https:\/\/api.w.org\/{rel}","templated":true}]}}