{"id":23379,"date":"2025-11-21T21:33:38","date_gmt":"2025-11-22T00:33:38","guid":{"rendered":"http:\/\/atitudenoticias.com.br\/?p=23379"},"modified":"2025-11-23T21:33:59","modified_gmt":"2025-11-24T00:33:59","slug":"geraldo-azevedo-e-diogo-nogueira-sao-anunciados-como-atracoes-do-natal-encantado-2025","status":"publish","type":"post","link":"https:\/\/atitudenoticias.com.br\/?p=23379","title":{"rendered":"Geraldo Azevedo e Diogo Nogueira s\u00e3o anunciados como atra\u00e7\u00f5es do Natal Encantado 2025"},"content":{"rendered":"\n<p class=\"has-text-align-center\"><em><strong>Os artistas far\u00e3o, respectivamente, a abertura e o encerramento do evento<\/strong><\/em><\/p>\n\n\n\n<p>O prefeito Jos\u00e9 Ronaldo anunciou, nesta sexta-feira (21), mais dois grandes artistas que integrar\u00e3o a programa\u00e7\u00e3o do Natal Encantado 2025: Geraldo Azevedo e Diogo Nogueira. O comunicado foi feito por meio das redes sociais do gestor, ao lado do secret\u00e1rio de Cultura, Esporte e Lazer, Cristiano L\u00f4bo. Os artistas far\u00e3o, respectivamente, a abertura e o encerramento do evento.<\/p>\n\n\n\n<p>\u201c\u00c9 com muita alegria que seguimos construindo um Natal Encantado 2025 \u00e0 altura do que nossa cidade merece. No dia 11 de dezembro, que marca a abertura oficial da programa\u00e7\u00e3o ao lado da Orquestra Neojib\u00e1, teremos a honra de receber tamb\u00e9m Geraldo Azevedo, trazendo sua poesia, seu viol\u00e3o e toda a magia. E para fechar nossa festa no dia 21 de dezembro, junto com a j\u00e1 anunciada Ana Carolina, confirmamos a presen\u00e7a de Diogo Nogueira, que chega para encerrar o Natal Encantado em grande estilo\u201d, declarou o prefeito.<\/p>\n\n\n\n<p>Jos\u00e9 Ronaldo destacou ainda o compromisso da gest\u00e3o em promover uma festa marcante para a popula\u00e7\u00e3o. \u201cSeguimos trabalhando para fazer deste Natal um momento inesquec\u00edvel para todas as fam\u00edlias da nossa cidade\u201d, completou.<\/p>\n\n\n\n<p><strong>Programa\u00e7\u00e3o<\/strong><\/p>\n\n\n\n<p>O Natal Encantado 2025 contar\u00e1 com uma programa\u00e7\u00e3o repleta de atra\u00e7\u00f5es nacionais e locais. Entre os nomes j\u00e1 confirmados est\u00e3o Ana Carolina, Sandra S\u00e1, Jorge Vercillo, Joanna, Rosana, Renato e Seus Blue Caps, Orquestra Neojib\u00e1 e as Jovens Divas.<\/p>\n\n\n\n<p>A edi\u00e7\u00e3o deste ano ser\u00e1 realizada em dois fins de semana \u2014 de 11 a 14 e de 18 a 21 de dezembro \u2014 estrat\u00e9gia que visa ampliar o fluxo de visitantes e fomentar o turismo na cidade durante o per\u00edodo festivo.<\/p>\n\n\n\n<p>A programa\u00e7\u00e3o principal ocorrer\u00e1 na Pra\u00e7a Padre Ov\u00eddio, ao lado da Catedral de Senhora Santana, e contar\u00e1 tamb\u00e9m com apresenta\u00e7\u00f5es no estacionamento da Prefeitura e nas janelas do Pa\u00e7o Municipal Maria Quit\u00e9ria.<\/p>\n\n\n\n<p>A abertura oficial, no dia 11 de dezembro, quinta-feira, ter\u00e1 a apresenta\u00e7\u00e3o da Orquestra Neojib\u00e1 e de Geraldo Azevedo.<\/p>\n\n\n\n<p>Na sexta-feira (12), a feirense Thathi sobe ao palco com o show \u201cCanta Rita Lee\u201d, seguida pelo cantor Jau, trazendo a musicalidade baiana. No s\u00e1bado (13), Wanderl\u00e9a e Baby do Brasil comandam a festa, e no domingo (14), encerrando o primeiro fim de semana, se apresentam Negra Cor, \u00e0s 17h, e Filhos de Jorge, \u00e0s 20h.<\/p>\n\n\n\n<p>O segundo ciclo de apresenta\u00e7\u00f5es inicia no dia 18, com Renato e Seus Blue Caps e a dupla Jorge Vercillo &amp; Sandra S\u00e1. No dia 19, as Jovens Divas de Feira de Santana abrem a noite, seguidas por Joanna.<\/p>\n\n\n\n<p>No s\u00e1bado (20), as apresenta\u00e7\u00f5es come\u00e7am com Elas por Elas, depois Rosana e, em seguida, a banda Flashback.<\/p>\n\n\n\n<p class=\"has-text-align-left\">O encerramento do Natal Encantado 2025 acontece no domingo, dia 21 de dezembro, com a cantora Ana Carolina e\u00a0com o show de Diogo Nogueira, confirmado nesta sexta-feira pelo prefeito.<strong><em> (SECOM\/PMFS)<\/em><\/strong><\/p>\n","protected":false},"excerpt":{"rendered":"<p>Os artistas far\u00e3o, respectivamente, a abertura e o encerramento do evento O prefeito Jos\u00e9 Ronaldo&hellip;<\/p>\n","protected":false},"author":2,"featured_media":23380,"comment_status":"open","ping_status":"open","sticky":false,"template":"","format":"standard","meta":{"footnotes":""},"categories":[68,58,35],"tags":[],"class_list":["post-23379","post","type-post","status-publish","format-standard","has-post-thumbnail","hentry","category-cultura","category-feira-de-santana","category-musica"],"_links":{"self":[{"href":"https:\/\/atitudenoticias.com.br\/index.php?rest_route=\/wp\/v2\/posts\/23379","targetHints":{"allow":["GET"]}}],"collection":[{"href":"https:\/\/atitudenoticias.com.br\/index.php?rest_route=\/wp\/v2\/posts"}],"about":[{"href":"https:\/\/atitudenoticias.com.br\/index.php?rest_route=\/wp\/v2\/types\/post"}],"author":[{"embeddable":true,"href":"https:\/\/atitudenoticias.com.br\/index.php?rest_route=\/wp\/v2\/users\/2"}],"replies":[{"embeddable":true,"href":"https:\/\/atitudenoticias.com.br\/index.php?rest_route=%2Fwp%2Fv2%2Fcomments&post=23379"}],"version-history":[{"count":1,"href":"https:\/\/atitudenoticias.com.br\/index.php?rest_route=\/wp\/v2\/posts\/23379\/revisions"}],"predecessor-version":[{"id":23381,"href":"https:\/\/atitudenoticias.com.br\/index.php?rest_route=\/wp\/v2\/posts\/23379\/revisions\/23381"}],"wp:featuredmedia":[{"embeddable":true,"href":"https:\/\/atitudenoticias.com.br\/index.php?rest_route=\/wp\/v2\/media\/23380"}],"wp:attachment":[{"href":"https:\/\/atitudenoticias.com.br\/index.php?rest_route=%2Fwp%2Fv2%2Fmedia&parent=23379"}],"wp:term":[{"taxonomy":"category","embeddable":true,"href":"https:\/\/atitudenoticias.com.br\/index.php?rest_route=%2Fwp%2Fv2%2Fcategories&post=23379"},{"taxonomy":"post_tag","embeddable":true,"href":"https:\/\/atitudenoticias.com.br\/index.php?rest_route=%2Fwp%2Fv2%2Ftags&post=23379"}],"curies":[{"name":"wp","href":"https:\/\/api.w.org\/{rel}","templated":true}]}}