{"id":23422,"date":"2025-11-25T17:54:53","date_gmt":"2025-11-25T20:54:53","guid":{"rendered":"http:\/\/atitudenoticias.com.br\/?p=23422"},"modified":"2025-11-27T17:57:58","modified_gmt":"2025-11-27T20:57:58","slug":"governo-da-bahia-quer-criar-novas-regras-para-militares-usarem-redes-sociais","status":"publish","type":"post","link":"https:\/\/atitudenoticias.com.br\/?p=23422","title":{"rendered":"Governo da Bahia quer criar novas regras para militares usarem redes sociais"},"content":{"rendered":"\n<h2 class=\"wp-block-heading has-text-align-center\" id=\"linha-fina-q0vog3x02m\"><em><strong>Projeto de Lei foi encaminhado \u00e0 Alba na segunda-feira (24)<\/strong><\/em><\/h2>\n\n\n\n<p>O governo estadual encaminhou \u00e0 Assembleia Legislativa da Bahia (Alba) o projeto de lei que cria o novo C\u00f3digo de \u00c9tica e Disciplina dos Militares do Estado (Cedim). A\u00a0proposta\u00a0define valores, deveres e puni\u00e7\u00f5es para policiais e bombeiros militares. Entre os pontos da lei est\u00e3o regras mais r\u00edgidas sobre o uso de redes sociais.\u00a0<\/p>\n\n\n\n<p>O texto, enviado \u00e0 Casa na segunda-feira (24), estabelece ao longo de 55 p\u00e1ginas princ\u00edpios como hierarquia, legalidade e respeito aos direitos humanos como pilares da atua\u00e7\u00e3o militar. Al\u00e9m disso, detalha quais comportamentos passam a ser considerados transgress\u00f5es leves, m\u00e9dias, graves ou grav\u00edssimas, com puni\u00e7\u00f5es que v\u00e3o de advert\u00eancia \u00e0 demiss\u00e3o e cassa\u00e7\u00e3o de proventos.<\/p>\n\n\n\n<p>O projeto pro\u00edbe que os militares tratem de assuntos internos das corpora\u00e7\u00f5es em redes sociais sem autoriza\u00e7\u00e3o superior, inclusive quando n\u00e3o se trata de conte\u00fado sigiloso. Tamb\u00e9m determina que o militar n\u00e3o pode fazer postagens utilizando fardas, s\u00edmbolos ou imagens institucionais para autopromo\u00e7\u00e3o ou atividades privadas.<\/p>\n\n\n\n<p id=\"paragrafo-0ta7ksp63b\">A publica\u00e7\u00e3o de cr\u00edticas, opini\u00f5es pol\u00edtico-partid\u00e1rias ou conte\u00fados que possam macular a imagem da corpora\u00e7\u00e3o ser\u00e1 classificada como falta grave. J\u00e1 a divulga\u00e7\u00e3o de informa\u00e7\u00f5es, documentos ou dados que comprometam opera\u00e7\u00f5es ou a seguran\u00e7a do Estado \u00e9 tratada como transgress\u00e3o grav\u00edssima, podendo resultar em demiss\u00e3o. O projeto ainda ser\u00e1 analisado pelos deputados estaduais.&nbsp;<\/p>\n\n\n\n<p id=\"paragrafo-ren2o3ffoj\">T\u00e3o logo foi enviado para a Casa Legislativa, o projeto do governo recebeu cr\u00edticas de parlamentares. Caso do deputado federal Capit\u00e3o Alden (PL-BA), que classificou a proposta como &#8220;extremamente perigosa e preocupante&#8221;. &#8220;N\u00f3s n\u00e3o somos contra a puni\u00e7\u00e3o de militares, que eventualmente cometem desvios de conduta. Mas as regras precisam ser claras e justas. O projeto foi escrito com conceitos abertos, vagos e subjetivos, que permitem puni\u00e7\u00f5es arbitr\u00e1rias e censuras&#8221;, disse.&nbsp;<\/p>\n\n\n\n<h2 class=\"wp-block-heading\" id=\"intertitulo-rqf28wzha1\">Proibi\u00e7\u00f5es para militares nas redes sociais, segundo o projeto de lei<\/h2>\n\n\n\n<ul class=\"wp-block-list\">\n<li>Tratar de assuntos internos em rede social.<\/li>\n\n\n\n<li>Usar farda, s\u00edmbolos ou ins\u00edgnias para autopromo\u00e7\u00e3o.<\/li>\n\n\n\n<li>Associar a imagem da corpora\u00e7\u00e3o a conte\u00fado privado.<\/li>\n\n\n\n<li>Manifestar opini\u00e3o pol\u00edtico-partid\u00e1ria em redes sociais envolvendo a imagem institucional.<\/li>\n\n\n\n<li>Criticar publicamente a corpora\u00e7\u00e3o, superiores ou colegas.<\/li>\n\n\n\n<li>Compartilhar fake news.<\/li>\n\n\n\n<li>Publicar imagem de presos, v\u00edtimas ou investigados.<\/li>\n\n\n\n<li>Publicar informa\u00e7\u00f5es que prejudiquem opera\u00e7\u00f5es, intelig\u00eancia ou seguran\u00e7a p\u00fablica.<\/li>\n\n\n\n<li>Divulgar documentos ou dados sigilosos.<\/li>\n<\/ul>\n\n\n\n<p><em><strong>(Correio24hs)<\/strong><\/em><\/p>\n\n\n\n<p><\/p>\n\n\n\n<ul class=\"wp-block-list\">\n<li><\/li>\n<\/ul>\n","protected":false},"excerpt":{"rendered":"<p>Projeto de Lei foi encaminhado \u00e0 Alba na segunda-feira (24) O governo estadual encaminhou \u00e0&hellip;<\/p>\n","protected":false},"author":2,"featured_media":10862,"comment_status":"open","ping_status":"open","sticky":false,"template":"","format":"standard","meta":{"footnotes":""},"categories":[22,60,30],"tags":[],"class_list":["post-23422","post","type-post","status-publish","format-standard","has-post-thumbnail","hentry","category-bahia","category-policia","category-politica"],"_links":{"self":[{"href":"https:\/\/atitudenoticias.com.br\/index.php?rest_route=\/wp\/v2\/posts\/23422","targetHints":{"allow":["GET"]}}],"collection":[{"href":"https:\/\/atitudenoticias.com.br\/index.php?rest_route=\/wp\/v2\/posts"}],"about":[{"href":"https:\/\/atitudenoticias.com.br\/index.php?rest_route=\/wp\/v2\/types\/post"}],"author":[{"embeddable":true,"href":"https:\/\/atitudenoticias.com.br\/index.php?rest_route=\/wp\/v2\/users\/2"}],"replies":[{"embeddable":true,"href":"https:\/\/atitudenoticias.com.br\/index.php?rest_route=%2Fwp%2Fv2%2Fcomments&post=23422"}],"version-history":[{"count":2,"href":"https:\/\/atitudenoticias.com.br\/index.php?rest_route=\/wp\/v2\/posts\/23422\/revisions"}],"predecessor-version":[{"id":23438,"href":"https:\/\/atitudenoticias.com.br\/index.php?rest_route=\/wp\/v2\/posts\/23422\/revisions\/23438"}],"wp:featuredmedia":[{"embeddable":true,"href":"https:\/\/atitudenoticias.com.br\/index.php?rest_route=\/wp\/v2\/media\/10862"}],"wp:attachment":[{"href":"https:\/\/atitudenoticias.com.br\/index.php?rest_route=%2Fwp%2Fv2%2Fmedia&parent=23422"}],"wp:term":[{"taxonomy":"category","embeddable":true,"href":"https:\/\/atitudenoticias.com.br\/index.php?rest_route=%2Fwp%2Fv2%2Fcategories&post=23422"},{"taxonomy":"post_tag","embeddable":true,"href":"https:\/\/atitudenoticias.com.br\/index.php?rest_route=%2Fwp%2Fv2%2Ftags&post=23422"}],"curies":[{"name":"wp","href":"https:\/\/api.w.org\/{rel}","templated":true}]}}