{"id":23477,"date":"2025-12-02T12:52:03","date_gmt":"2025-12-02T15:52:03","guid":{"rendered":"http:\/\/atitudenoticias.com.br\/?p=23477"},"modified":"2025-12-02T12:52:04","modified_gmt":"2025-12-02T15:52:04","slug":"caminhoneiros-articulam-nova-paralisacao-no-brasil","status":"publish","type":"post","link":"https:\/\/atitudenoticias.com.br\/?p=23477","title":{"rendered":"Caminhoneiros articulam nova paralisa\u00e7\u00e3o no Brasil"},"content":{"rendered":"\n<p class=\"has-text-align-center\"><strong><em>Manifesta\u00e7\u00e3o \u00e9 convocada pelas redes sociais para acontecer na pr\u00f3xima quinta-feira, 4<\/em><\/strong><\/p>\n\n\n\n<p>Caminhoneiros de v\u00e1rios locais do Brasil organizam uma nova\u00a0paralisa\u00e7\u00e3o nacional para a pr\u00f3xima quinta-feira, 4. A\u00a0manifesta\u00e7\u00e3o visa melhorias e den\u00fancia de condi\u00e7\u00f5es prec\u00e1rias enfrentadas pela classe.\u00a0De acordo com representantes da categoria, o ato n\u00e3o se trata de uma manifesta\u00e7\u00e3o\u00a0pol\u00edtica ligada a qualquer ideologia partid\u00e1ria, mas nde uma luta por melhorias na categoria.<\/p>\n\n\n\n<p>Vale lembrar que na \u00faltima semana, representantes dos caminhoneiros tentaram articular uma greve em protesto pela pris\u00e3o do ex-presidente do Brasil, Jair Bolsonaro (PL), mas o movimento n\u00e3o ganhou for\u00e7a.<\/p>\n\n\n\n<h2 class=\"wp-block-heading\">Movimenta\u00e7\u00e3o busca melhorias<\/h2>\n\n\n\n<p>De acordo com o caminhoneiro, influenciador com quase 100 mil seguidores no TikTok e um dos l\u00edderes da greve em 2018, Daniel Souza, a categoria precisa de melhorias e ainda denuncia condi\u00e7\u00f5es prec\u00e1rias enfrentadas pelos colegas de profiss\u00e3o.<\/p>\n\n\n\n<p>\u201cO Brasil ficou parado por 3 anos por conta dessa situa\u00e7\u00e3o e, como j\u00e1 acabou a quest\u00e3o do Bolsonaro, vamos voltar \u00e0 realidade do pa\u00eds. A realidade dos caminhoneiros est\u00e1 prec\u00e1ria: baixa remunera\u00e7\u00e3o, leis que n\u00e3o conseguimos cumprir por falta de estrutura, falta de seguran\u00e7a nas rodovias\u2026 O respeito com a nossa classe acabou\u201d, enumera o caminhoneiro Daniel Souza.<\/p>\n\n\n\n<p><strong>Entre os pontos pedidos est\u00e3o:<\/strong><\/p>\n\n\n\n<ul class=\"wp-block-list\">\n<li>estabilidade contratual do caminhoneiro;<\/li>\n\n\n\n<li>garantia do cumprimento de leis;<\/li>\n\n\n\n<li>reestrutura\u00e7\u00e3o do Marco Regulat\u00f3rio do Transporte de Cargas;<\/li>\n\n\n\n<li>aposentadoria especial de 25 anos de trabalho comprovada com recolhimento ou documento fiscal emitido.<\/li>\n<\/ul>\n\n\n\n<p>De acordo com o presidente da Associa\u00e7\u00e3o Catarinense dos Transportadores Rodovi\u00e1rios de Cargas (ACTRC), Janderson Ma\u00e7aneiro, o movimento \u00e9 forte. \u201cEu acredito muito no movimento forte, porque tem muita gente envolvida e h\u00e1 muitos descontentes.\u201d<\/p>\n\n\n\n<p>Vale ressaltar que o Sindicato dos Transportadores Rodovi\u00e1rios Aut\u00f4nomos de Bens (Sindicam) afirmou que: \u201cQuem faz a greve s\u00e3o os caminhoneiros, n\u00e3o \u00e9 o sindicato quem faz greve, mas, se eles decidirem parar, ser\u00e3o apoiados\u201d.<\/p>\n\n\n\n<h2 class=\"wp-block-heading\"><em>Consenso entre os caminhoneiros<\/em><\/h2>\n\n\n\n<p>Mesmo com a movimenta\u00e7\u00e3o encaminhada, existe uma falta de consenso entre alguns sindicatos e associa\u00e7\u00f5es. Caminhoneiros aut\u00f4nomos que atuam na regi\u00e3o da Baixada Santista s\u00e3o contra a paralisa\u00e7\u00e3o por conta de entenderem que h\u00e1 uma manifesta\u00e7\u00e3o pol\u00edtica por tr\u00e1s.<\/p>\n\n\n\n<p>Para o presidente da Cooperativa dos Caminhoneiros Aut\u00f4nomos do Porto de Santos (CCAPS), Marcelo Paz, n\u00e3o h\u00e1 rienta\u00e7\u00e3o alguma para que os caminhoneiros do Porto de Santos parem. \u201cN\u00e3o chamaram assembleia, n\u00e3o houve vota\u00e7\u00e3o. [\u2026] Para se ter uma movimenta\u00e7\u00e3o dessas, precisa haver di\u00e1logo, assembleia e vota\u00e7\u00e3o.\u201d<\/p>\n\n\n\n<h2 class=\"wp-block-heading\">Greve dos caminhoneiros de 2018<\/h2>\n\n\n\n<p>Vale lembrar que o Brasil j\u00e1 enfrentou uma greve geral dos caminhoneiros no ano de 2018, na \u00e9poca, os mesmos pararam por 10 dias, protestando contras os reajustes frequentes no pre\u00e7o dos combust\u00edveis, principalmente no \u00f3leo diesel.<\/p>\n\n\n\n<p>A greve afetou todo o Brasil, incluindo o setor de abastecimento de combust\u00edveis e alimentos.\u00a0A manifesta\u00e7\u00e3o s\u00f3 chegou ao fim quando o ent\u00e3o presidente Michel Temer (MDB), presidente da \u00e9poca, aceitar algumas exig\u00eancias da classe.<strong><em> (Atarde)<\/em><\/strong><\/p>\n\n\n\n<p><\/p>\n","protected":false},"excerpt":{"rendered":"<p>Manifesta\u00e7\u00e3o \u00e9 convocada pelas redes sociais para acontecer na pr\u00f3xima quinta-feira, 4 Caminhoneiros de v\u00e1rios&hellip;<\/p>\n","protected":false},"author":2,"featured_media":23478,"comment_status":"open","ping_status":"open","sticky":false,"template":"","format":"standard","meta":{"footnotes":""},"categories":[20],"tags":[],"class_list":["post-23477","post","type-post","status-publish","format-standard","has-post-thumbnail","hentry","category-brasil"],"_links":{"self":[{"href":"https:\/\/atitudenoticias.com.br\/index.php?rest_route=\/wp\/v2\/posts\/23477","targetHints":{"allow":["GET"]}}],"collection":[{"href":"https:\/\/atitudenoticias.com.br\/index.php?rest_route=\/wp\/v2\/posts"}],"about":[{"href":"https:\/\/atitudenoticias.com.br\/index.php?rest_route=\/wp\/v2\/types\/post"}],"author":[{"embeddable":true,"href":"https:\/\/atitudenoticias.com.br\/index.php?rest_route=\/wp\/v2\/users\/2"}],"replies":[{"embeddable":true,"href":"https:\/\/atitudenoticias.com.br\/index.php?rest_route=%2Fwp%2Fv2%2Fcomments&post=23477"}],"version-history":[{"count":1,"href":"https:\/\/atitudenoticias.com.br\/index.php?rest_route=\/wp\/v2\/posts\/23477\/revisions"}],"predecessor-version":[{"id":23479,"href":"https:\/\/atitudenoticias.com.br\/index.php?rest_route=\/wp\/v2\/posts\/23477\/revisions\/23479"}],"wp:featuredmedia":[{"embeddable":true,"href":"https:\/\/atitudenoticias.com.br\/index.php?rest_route=\/wp\/v2\/media\/23478"}],"wp:attachment":[{"href":"https:\/\/atitudenoticias.com.br\/index.php?rest_route=%2Fwp%2Fv2%2Fmedia&parent=23477"}],"wp:term":[{"taxonomy":"category","embeddable":true,"href":"https:\/\/atitudenoticias.com.br\/index.php?rest_route=%2Fwp%2Fv2%2Fcategories&post=23477"},{"taxonomy":"post_tag","embeddable":true,"href":"https:\/\/atitudenoticias.com.br\/index.php?rest_route=%2Fwp%2Fv2%2Ftags&post=23477"}],"curies":[{"name":"wp","href":"https:\/\/api.w.org\/{rel}","templated":true}]}}