{"id":23481,"date":"2025-12-02T17:29:17","date_gmt":"2025-12-02T20:29:17","guid":{"rendered":"http:\/\/atitudenoticias.com.br\/?p=23481"},"modified":"2025-12-02T17:29:17","modified_gmt":"2025-12-02T20:29:17","slug":"mpf-e-pf-deflagram-operacao-contra-o-contrabando-de-gado-no-sul-do-pais","status":"publish","type":"post","link":"https:\/\/atitudenoticias.com.br\/?p=23481","title":{"rendered":"MPF e PF deflagram opera\u00e7\u00e3o contra o contrabando de gado no Sul do pa\u00eds"},"content":{"rendered":"\n<p class=\"has-text-align-center\"><strong><em>A Opera\u00e7\u00e3o Manada visa desarticular um esquema criminosos na fronteira com o Uruguai; foram cumpridos sete mandados de pris\u00e3o preventiva e 11 de busca e apreens\u00e3o<\/em><\/strong><\/p>\n\n\n\n<p>O Minist\u00e9rio P\u00fablico Federal (MPF), juntamente com a Pol\u00edcia Federal (PF), deflagrou a Opera\u00e7\u00e3o Manada nesta ter\u00e7a-feira (2\/12). A a\u00e7\u00e3o conjunta teve como objetivo desarticular um esquema criminoso de contrabando de bovinos do Uruguai para o Brasil e proteger a sanidade agropecu\u00e1ria nacional.<\/p>\n\n\n\n<p>A opera\u00e7\u00e3o se concentrou no combate ao crime transfronteiri\u00e7o, cumprindo mandados nos estados do Rio Grande do Sul e de Santa Catarina. A investiga\u00e7\u00e3o resultou na execu\u00e7\u00e3o de sete mandados de pris\u00e3o preventiva e 11 de busca e apreens\u00e3o. <\/p>\n\n\n\n<p>Al\u00e9m dessas medidas, o MPF ressaltou a seriedade do crime ao destacar que a internaliza\u00e7\u00e3o ilegal de animais representa um grave risco sanit\u00e1rio e econ\u00f4mico para o pa\u00eds. Esse risco \u00e9 ampliando considerando o status sanit\u00e1rio recentemente alcan\u00e7ado no Brasil \u2014 fundamental para abertura de portas comerciais e gerar ganhos econ\u00f4micos em n\u00edvel nacional e local.   <\/p>\n\n\n\n<p>Al\u00e9m do Minist\u00e9rio P\u00fablico e da PF, a opera\u00e7\u00e3o tamb\u00e9m contou com o apoio do Minist\u00e9rio da Agricultura e Pecu\u00e1ria (Mapa), Secretaria de Agricultura, Pecu\u00e1ria, Produ\u00e7\u00e3o Sustent\u00e1vel e Irriga\u00e7\u00e3o do Rio Grande do Sul e com a Companhia Integrada de Desenvolvimento Agr\u00edcola de Santa Catarina.<\/p>\n\n\n\n<p>A investiga\u00e7\u00e3o que culminou na investida teve in\u00edcio a partir de uma fiscaliza\u00e7\u00e3o realizada pela Inspetoria de Defesa Agropecu\u00e1ria de Veran\u00f3polis (RS). A apura\u00e7\u00e3o envolveu coopera\u00e7\u00e3o internacional, contando com o aux\u00edlio das autoridades uruguaias. <\/p>\n\n\n\n<p>Os investigados poder\u00e3o responder pelos crimes de contrabando, crime ambiental, falsidade ideol\u00f3gica, uso de documento falso, lavagem de dinheiro, associa\u00e7\u00e3o criminosa, entre outros.<\/p>\n\n\n\n<p><strong><em>(Correio Braziliense)<\/em><\/strong><\/p>\n\n\n\n<p><\/p>\n","protected":false},"excerpt":{"rendered":"<p>A Opera\u00e7\u00e3o Manada visa desarticular um esquema criminosos na fronteira com o Uruguai; foram cumpridos&hellip;<\/p>\n","protected":false},"author":2,"featured_media":23482,"comment_status":"open","ping_status":"open","sticky":false,"template":"","format":"standard","meta":{"footnotes":""},"categories":[20,60],"tags":[],"class_list":["post-23481","post","type-post","status-publish","format-standard","has-post-thumbnail","hentry","category-brasil","category-policia"],"_links":{"self":[{"href":"https:\/\/atitudenoticias.com.br\/index.php?rest_route=\/wp\/v2\/posts\/23481","targetHints":{"allow":["GET"]}}],"collection":[{"href":"https:\/\/atitudenoticias.com.br\/index.php?rest_route=\/wp\/v2\/posts"}],"about":[{"href":"https:\/\/atitudenoticias.com.br\/index.php?rest_route=\/wp\/v2\/types\/post"}],"author":[{"embeddable":true,"href":"https:\/\/atitudenoticias.com.br\/index.php?rest_route=\/wp\/v2\/users\/2"}],"replies":[{"embeddable":true,"href":"https:\/\/atitudenoticias.com.br\/index.php?rest_route=%2Fwp%2Fv2%2Fcomments&post=23481"}],"version-history":[{"count":1,"href":"https:\/\/atitudenoticias.com.br\/index.php?rest_route=\/wp\/v2\/posts\/23481\/revisions"}],"predecessor-version":[{"id":23483,"href":"https:\/\/atitudenoticias.com.br\/index.php?rest_route=\/wp\/v2\/posts\/23481\/revisions\/23483"}],"wp:featuredmedia":[{"embeddable":true,"href":"https:\/\/atitudenoticias.com.br\/index.php?rest_route=\/wp\/v2\/media\/23482"}],"wp:attachment":[{"href":"https:\/\/atitudenoticias.com.br\/index.php?rest_route=%2Fwp%2Fv2%2Fmedia&parent=23481"}],"wp:term":[{"taxonomy":"category","embeddable":true,"href":"https:\/\/atitudenoticias.com.br\/index.php?rest_route=%2Fwp%2Fv2%2Fcategories&post=23481"},{"taxonomy":"post_tag","embeddable":true,"href":"https:\/\/atitudenoticias.com.br\/index.php?rest_route=%2Fwp%2Fv2%2Ftags&post=23481"}],"curies":[{"name":"wp","href":"https:\/\/api.w.org\/{rel}","templated":true}]}}