{"id":23488,"date":"2025-12-01T17:41:58","date_gmt":"2025-12-01T20:41:58","guid":{"rendered":"http:\/\/atitudenoticias.com.br\/?p=23488"},"modified":"2025-12-03T17:42:27","modified_gmt":"2025-12-03T20:42:27","slug":"prefeitura-divulga-datas-e-atracoes-do-natal-encantado-cantor-geraldo-azevedo-abre-o-periodo-festivo-no-dia-11","status":"publish","type":"post","link":"https:\/\/atitudenoticias.com.br\/?p=23488","title":{"rendered":"Prefeitura divulga datas e atra\u00e7\u00f5es do Natal Encantado; cantor Geraldo Azevedo abre o per\u00edodo festivo no dia 11"},"content":{"rendered":"\n<p class=\"has-text-align-center\"><em><strong>A programa\u00e7\u00e3o do Natal Encantado foi divulgada pela Prefeitura de Feira de Santana<\/strong><\/em><\/p>\n\n\n\n<p>O cantor e compositor Geraldo Azevedo ser\u00e1 uma das atra\u00e7\u00f5es do show de abertura do Natal Encantado deste ano, na noite do dia 11. O pernambucano, destaque onde quer que se apresente, sobe ao palco a partir das 21h, na Pra\u00e7a Padre Ov\u00eddio.<\/p>\n\n\n\n<p>Dono de um repert\u00f3rio singular e de voz peculiar, com poesia marcada pelo romantismo, Geraldo Azevedo se apresenta no Natal Encantado pela segunda vez. \u00c9 autor de v\u00e1rios sucessos que atravessam gera\u00e7\u00f5es de admiradores, com sua m\u00fasica de forte sotaque sertanejo.<\/p>\n\n\n\n<p>A festa anual ser\u00e1 aberta pela Orquestra Neojib\u00e1 (N\u00facleos Estaduais de Orquestras Juvenis e Infantis da Bahia) \u2014 a previs\u00e3o de in\u00edcio da apresenta\u00e7\u00e3o \u00e9 \u00e0s 19h. No dia 12, se apresentar\u00e3o o cantor Jau e a cantora Thati, que far\u00e1 uma homenagem \u00e0 roqueira Rita Lee.<\/p>\n\n\n\n<p>No dia 13, sobem ao palco Mr. Jack, Baby do Brasil e uma terceira atra\u00e7\u00e3o ainda em negocia\u00e7\u00e3o. Em 14 de dezembro, o p\u00fablico ser\u00e1 animado pela banda Negra Cor e pelo grupo Filhos de Jorge, que encerram a programa\u00e7\u00e3o da primeira semana.<\/p>\n\n\n\n<p>A segunda fase das apresenta\u00e7\u00f5es ser\u00e1 aberta pela banda Renato e Seus Blue Caps. Tamb\u00e9m se apresentam o cantor e compositor Jorge Vercillo e a cantora Sandra de S\u00e1. A noite do dia 19 ser\u00e1 animada pelo grupo feirense Jovens Divas e pela cantora Joanna, que participa pela segunda vez do Natal Encantado.<\/p>\n\n\n\n<p>No dia 20, Elas por Elas, Rosanah e a banda feirense Flash Back subir\u00e3o ao palco. O cantor carioca Diogo Nogueira, que retorna \u00e0 festa feirense, e a cantora Ana Carolina encerram a programa\u00e7\u00e3o desta edi\u00e7\u00e3o do Natal Encantado no domingo.<\/p>\n\n\n\n<p>A programa\u00e7\u00e3o tamb\u00e9m prev\u00ea apresenta\u00e7\u00e3o de Retreta de Filarm\u00f4nica, no coreto do p\u00e1tio da Catedral Metropolitana, no dia 17, a partir das 19h. Ser\u00e1 montada ainda uma Casa de Papai Noel no estacionamento da Prefeitura, entre os dias 13 e 21, sempre das 9h \u00e0s 12h e das 16h \u00e0s 20h.<\/p>\n\n\n\n<p>A programa\u00e7\u00e3o do Natal Encantado foi divulgada pela Prefeitura de Feira de Santana, por meio da Secretaria de Cultura, Esporte e Lazer. A \u00faltima atra\u00e7\u00e3o sobe ao palco no dia 21 \u2014 os shows ser\u00e3o realizados de quinta-feira a domingo. Ao todo, ser\u00e3o 19 atra\u00e7\u00f5es.<em><strong> (SECOM\/PMFS)<\/strong><\/em><\/p>\n","protected":false},"excerpt":{"rendered":"<p>A programa\u00e7\u00e3o do Natal Encantado foi divulgada pela Prefeitura de Feira de Santana O cantor&hellip;<\/p>\n","protected":false},"author":2,"featured_media":23489,"comment_status":"open","ping_status":"open","sticky":false,"template":"","format":"standard","meta":{"footnotes":""},"categories":[68,58,35],"tags":[],"class_list":["post-23488","post","type-post","status-publish","format-standard","has-post-thumbnail","hentry","category-cultura","category-feira-de-santana","category-musica"],"_links":{"self":[{"href":"https:\/\/atitudenoticias.com.br\/index.php?rest_route=\/wp\/v2\/posts\/23488","targetHints":{"allow":["GET"]}}],"collection":[{"href":"https:\/\/atitudenoticias.com.br\/index.php?rest_route=\/wp\/v2\/posts"}],"about":[{"href":"https:\/\/atitudenoticias.com.br\/index.php?rest_route=\/wp\/v2\/types\/post"}],"author":[{"embeddable":true,"href":"https:\/\/atitudenoticias.com.br\/index.php?rest_route=\/wp\/v2\/users\/2"}],"replies":[{"embeddable":true,"href":"https:\/\/atitudenoticias.com.br\/index.php?rest_route=%2Fwp%2Fv2%2Fcomments&post=23488"}],"version-history":[{"count":1,"href":"https:\/\/atitudenoticias.com.br\/index.php?rest_route=\/wp\/v2\/posts\/23488\/revisions"}],"predecessor-version":[{"id":23490,"href":"https:\/\/atitudenoticias.com.br\/index.php?rest_route=\/wp\/v2\/posts\/23488\/revisions\/23490"}],"wp:featuredmedia":[{"embeddable":true,"href":"https:\/\/atitudenoticias.com.br\/index.php?rest_route=\/wp\/v2\/media\/23489"}],"wp:attachment":[{"href":"https:\/\/atitudenoticias.com.br\/index.php?rest_route=%2Fwp%2Fv2%2Fmedia&parent=23488"}],"wp:term":[{"taxonomy":"category","embeddable":true,"href":"https:\/\/atitudenoticias.com.br\/index.php?rest_route=%2Fwp%2Fv2%2Fcategories&post=23488"},{"taxonomy":"post_tag","embeddable":true,"href":"https:\/\/atitudenoticias.com.br\/index.php?rest_route=%2Fwp%2Fv2%2Ftags&post=23488"}],"curies":[{"name":"wp","href":"https:\/\/api.w.org\/{rel}","templated":true}]}}