{"id":23634,"date":"2025-12-23T00:23:40","date_gmt":"2025-12-23T03:23:40","guid":{"rendered":"https:\/\/atitudenoticias.com.br\/?p=23634"},"modified":"2025-12-23T00:23:41","modified_gmt":"2025-12-23T03:23:41","slug":"sim-sou-candidato-a-governador-da-bahia-anuncia-acm-neto","status":"publish","type":"post","link":"https:\/\/atitudenoticias.com.br\/?p=23634","title":{"rendered":"&#8216;Sim, sou candidato a governador da Bahia&#8217;, anuncia ACM Neto"},"content":{"rendered":"\n<p class=\"has-text-align-center\"><strong><em>A declara\u00e7\u00e3o do ex-prefeito de Salvador aconteceu durante um evento em Porto Seguro, extremo sul da Bahia<\/em><\/strong><\/p>\n\n\n\n<p>O ex-prefeito de Salvador ACM Neto confirmou, nesta segunda-feira (22), que vai disputar o governo da Bahia em 2026. A declara\u00e7\u00e3o aconteceu durante um evento em Porto Seguro, extremo sul da Bahia.<\/p>\n\n\n\n<p>Perguntado pelo prefeito de Porto Seguro, J\u00e2nio Natal (PL), se ser\u00e1 postulante ao Pal\u00e1cio de Ondina no pr\u00f3ximo ano, Neto disse:<\/p>\n\n\n\n<p>&#8220;Respondendo a sua pergunta de forma direta e objetiva. Sim, sou candidato a governador da Bahia&#8221;, declarou, ao arrancar aplausos da plateia presente no evento.<\/p>\n\n\n\n<p id=\"paragrafo-05qtwwlqvc\">No pleito do pr\u00f3ximo ano, ACM Neto enfrentar\u00e1 o governador Jer\u00f4nimo Rodrigues (PT), que ser\u00e1 candidato \u00e0 reelei\u00e7\u00e3o.&nbsp;<\/p>\n\n\n\n<p id=\"paragrafo-rrhcjomewa\">J\u00e2nio Natal ainda perguntou a ACM Neto quem ele apoiar\u00e1 a presidente da Rep\u00fablica em 2026, o ex-prefeito de Salvador respondeu: &#8220;eu ficarei contra o PT&#8221;.<\/p>\n\n\n\n<p id=\"paragrafo-89nwroig0p\">O evento em Porto Seguro reuniu grandes lideran\u00e7as pol\u00edticas, com o prefeito de Salvador, Bruno Reis (Uni\u00e3o Brasil), e o ex-ministro Jo\u00e3o Roma (PL).<em><strong>\u00a0 (Correio24hs)<\/strong><\/em><\/p>\n","protected":false},"excerpt":{"rendered":"<p>A declara\u00e7\u00e3o do ex-prefeito de Salvador aconteceu durante um evento em Porto Seguro, extremo sul&hellip;<\/p>\n","protected":false},"author":2,"featured_media":13854,"comment_status":"open","ping_status":"open","sticky":false,"template":"","format":"standard","meta":{"footnotes":""},"categories":[22,30],"tags":[],"class_list":["post-23634","post","type-post","status-publish","format-standard","has-post-thumbnail","hentry","category-bahia","category-politica"],"_links":{"self":[{"href":"https:\/\/atitudenoticias.com.br\/index.php?rest_route=\/wp\/v2\/posts\/23634","targetHints":{"allow":["GET"]}}],"collection":[{"href":"https:\/\/atitudenoticias.com.br\/index.php?rest_route=\/wp\/v2\/posts"}],"about":[{"href":"https:\/\/atitudenoticias.com.br\/index.php?rest_route=\/wp\/v2\/types\/post"}],"author":[{"embeddable":true,"href":"https:\/\/atitudenoticias.com.br\/index.php?rest_route=\/wp\/v2\/users\/2"}],"replies":[{"embeddable":true,"href":"https:\/\/atitudenoticias.com.br\/index.php?rest_route=%2Fwp%2Fv2%2Fcomments&post=23634"}],"version-history":[{"count":1,"href":"https:\/\/atitudenoticias.com.br\/index.php?rest_route=\/wp\/v2\/posts\/23634\/revisions"}],"predecessor-version":[{"id":23635,"href":"https:\/\/atitudenoticias.com.br\/index.php?rest_route=\/wp\/v2\/posts\/23634\/revisions\/23635"}],"wp:featuredmedia":[{"embeddable":true,"href":"https:\/\/atitudenoticias.com.br\/index.php?rest_route=\/wp\/v2\/media\/13854"}],"wp:attachment":[{"href":"https:\/\/atitudenoticias.com.br\/index.php?rest_route=%2Fwp%2Fv2%2Fmedia&parent=23634"}],"wp:term":[{"taxonomy":"category","embeddable":true,"href":"https:\/\/atitudenoticias.com.br\/index.php?rest_route=%2Fwp%2Fv2%2Fcategories&post=23634"},{"taxonomy":"post_tag","embeddable":true,"href":"https:\/\/atitudenoticias.com.br\/index.php?rest_route=%2Fwp%2Fv2%2Ftags&post=23634"}],"curies":[{"name":"wp","href":"https:\/\/api.w.org\/{rel}","templated":true}]}}