{"id":23738,"date":"2026-01-07T17:49:26","date_gmt":"2026-01-07T20:49:26","guid":{"rendered":"https:\/\/atitudenoticias.com.br\/?p=23738"},"modified":"2026-01-07T17:49:27","modified_gmt":"2026-01-07T20:49:27","slug":"governo-federal-vai-construir-primeiro-hospital-inteligente-do-sus","status":"publish","type":"post","link":"https:\/\/atitudenoticias.com.br\/?p=23738","title":{"rendered":"Governo federal vai construir primeiro hospital inteligente do SUS"},"content":{"rendered":"\n<p class=\"has-text-align-center\"><strong><em>Ser\u00e1 a primeira unidade da rede de assist\u00eancia de sa\u00fade digital do SUS<\/em><\/strong><\/p>\n\n\n\n<p class=\"has-text-align-left\"><strong>O governo federal vai construir o primeiro hospital p\u00fablico inteligente do Brasil na cidade de S\u00e3o Paulo. Os recursos vir\u00e3o do empr\u00e9stimo de R$ 1,7 bilh\u00e3o do Novo Banco de Desenvolvimento (NDB), o banco do Brics.\u00a0<\/strong>O an\u00fancio foi feito nesta quarta-feira (7) em cerim\u00f4nia no Pal\u00e1cio do Planalto com a presen\u00e7a do presidente Luiz In\u00e1cio Lula da Silva, do ministro da Sa\u00fade, Alexandre Padilha e da presidenta do NDB, Dilma Rousseff.<\/p>\n\n\n\n<p class=\"has-text-align-left\"><strong>Segundo o Minist\u00e9rio da Sa\u00fade, o hospital ser\u00e1 refer\u00eancia nacional e modelo de assist\u00eancia em sa\u00fade totalmente digital para os pa\u00edses do bloco. A unidade atender\u00e1 os pacientes da rede p\u00fablica com medicina de alta precis\u00e3o, apoiada por intelig\u00eancia artificial e outras tecnologias emergentes<\/strong>. Integrar\u00e1, tamb\u00e9m, a rede de hospitais e servi\u00e7os inteligentes com 14 unidades de terapia intensiva (UTIs) automatizadas, que funcionar\u00e3o de forma interligada em diversos estados.<\/p>\n\n\n\n<p><strong>A moderniza\u00e7\u00e3o de hospitais de excel\u00eancia do Sistema \u00danico de Sa\u00fade (SUS) tamb\u00e9m faz parte do projeto.<\/strong><\/p>\n\n\n\n<p>O novo hospital vinculado \u00e0 Universidade de S\u00e3o Paulo (USP) ter\u00e1 um setor de emerg\u00eancia com 250 leitos e capacidade para atender 200 mil pacientes por ano. A Unidade de Terapia Intensiva (UTI) contar\u00e1 com 350 leitos conectada com as UTIs inteligentes. Haver\u00e1 25 salas para cirurgia.&nbsp;<strong>A previs\u00e3o para que a unidade fique pronta \u00e9 de tr\u00eas a quatro anos.<\/strong><\/p>\n\n\n\n<p>Os servi\u00e7os inteligentes de sa\u00fade usam infraestrutura com tecnologias digitais para otimizar processos e melhorar os resultados para os pacientes.&nbsp;<strong>Segundo o minist\u00e9rio, o primeiro hospital inteligente poder\u00e1 reduzir em mais de cinco vezes o tempo de espera por atendimento especializado em situa\u00e7\u00f5es de urg\u00eancia e emerg\u00eancia.<\/strong><\/p>\n\n\n\n<p class=\"has-text-align-left\">Tamb\u00e9m foi anunciada a moderniza\u00e7\u00e3o de hospitais do SUS da Universidade Federal de S\u00e3o Paulo (Unifesp), do novo hospital Oncol\u00f3gico da Baixada Fluminense, do novo hospital do Grupo Hospital Concei\u00e7\u00e3o, no Rio Grande do Sul, do Instituto do C\u00e9rebro, no Rio de Janeiro, de hospitais federais do Rio incluindo os da Universidade Federal do Rio de Janeiro (UFRJ) e da Universidade Federal do Estado do Rio de Janeiro (Unirio).\u00a0<strong>Para a reestrutura\u00e7\u00e3o dos hospitais federais do Rio ser\u00e3o investidos R$ 1,2bilh\u00e3o.<\/strong><\/p>\n\n\n\n<p class=\"has-text-align-left\"><strong>Para o presidente Lula, o hospital inteligente tamb\u00e9m vai avan\u00e7ar na imagem positiva do SUS, resgatada na participa\u00e7\u00e3o do sistema p\u00fablico na crise da covid-19.<\/strong><\/p>\n\n\n\n<blockquote class=\"wp-block-quote is-layout-flow wp-block-quote-is-layout-flow\">\n<p>\u201cO SUS era tratado de forma muito pejorativa, ou seja, s\u00f3 se mostrava desgra\u00e7a no SUS, s\u00f3 se mostrava mis\u00e9ria no SUS, s\u00f3 se mostrava morte no SUS\u201d, disse.<\/p>\n<\/blockquote>\n\n\n\n<p>Lula acrescentou a popula\u00e7\u00e3o mais vulner\u00e1vel tem que se beneficiar com as novas tecnologias. \u201cN\u00f3s precisamos garantir que o povo mais humilde n\u00e3o pode ser invis\u00edvel. Ele tem que ser olhado. \u00c9 para eles que a gente governa. \u00c9 em fun\u00e7\u00e3o dele que n\u00f3s temos que melhorar a coisa.\u201d<\/p>\n\n\n\n<p>\u201cH\u00e1 um grande esfor\u00e7o de moderniza\u00e7\u00e3o tecnol\u00f3gico do SUS para ofertar para a popula\u00e7\u00e3o brasileira de gra\u00e7a o mesmo que os principais hospitais de excel\u00eancia privados do pa\u00eds. Hoje estamos em outra fronteira.&nbsp;Esse contrato vai trazer um salto al\u00e9m, que \u00e9 trazer para o Brasil aquilo que nem os maiores hospitais privados brasileiros oferecem ainda\u201d, disse o ministro da Sa\u00fade.<\/p>\n\n\n\n<p><strong>A presidenta do NDB disse que o prazo para pagamento do empr\u00e9stimo \u00e9 de 30 anos e destacou que China e \u00cdndia s\u00e3o parceiras no projeto.<\/strong><\/p>\n\n\n\n<p class=\"has-text-align-left\">\u201cEsse contrato vai muito al\u00e9m do investimento em estrutura hospitalar. Ele faz parte do compromisso do banco em promover o desenvolvimento, que significa hoje o acesso \u00e0 tecnologia\u201d, afirmou Dilma<em><strong>. (EBC)<\/strong><\/em><\/p>\n\n\n\n<figure class=\"wp-block-image\"><img decoding=\"async\" src=\"https:\/\/agenciabrasil.ebc.com.br\/ebc.png?id=1674425&amp;o=node\" alt=\"\"\/><\/figure>\n\n\n\n<figure class=\"wp-block-image\"><img decoding=\"async\" src=\"https:\/\/agenciabrasil.ebc.com.br\/ebc.gif?id=1674425&amp;o=node\" alt=\"\"\/><\/figure>\n\n\n\n<p class=\"has-text-align-center\"><\/p>\n\n\n\n<p class=\"has-text-align-center\"><br><\/p>\n","protected":false},"excerpt":{"rendered":"<p>Ser\u00e1 a primeira unidade da rede de assist\u00eancia de sa\u00fade digital do SUS O governo&hellip;<\/p>\n","protected":false},"author":2,"featured_media":23739,"comment_status":"open","ping_status":"open","sticky":false,"template":"","format":"standard","meta":{"footnotes":""},"categories":[20,25],"tags":[],"class_list":["post-23738","post","type-post","status-publish","format-standard","has-post-thumbnail","hentry","category-brasil","category-saude"],"_links":{"self":[{"href":"https:\/\/atitudenoticias.com.br\/index.php?rest_route=\/wp\/v2\/posts\/23738","targetHints":{"allow":["GET"]}}],"collection":[{"href":"https:\/\/atitudenoticias.com.br\/index.php?rest_route=\/wp\/v2\/posts"}],"about":[{"href":"https:\/\/atitudenoticias.com.br\/index.php?rest_route=\/wp\/v2\/types\/post"}],"author":[{"embeddable":true,"href":"https:\/\/atitudenoticias.com.br\/index.php?rest_route=\/wp\/v2\/users\/2"}],"replies":[{"embeddable":true,"href":"https:\/\/atitudenoticias.com.br\/index.php?rest_route=%2Fwp%2Fv2%2Fcomments&post=23738"}],"version-history":[{"count":1,"href":"https:\/\/atitudenoticias.com.br\/index.php?rest_route=\/wp\/v2\/posts\/23738\/revisions"}],"predecessor-version":[{"id":23740,"href":"https:\/\/atitudenoticias.com.br\/index.php?rest_route=\/wp\/v2\/posts\/23738\/revisions\/23740"}],"wp:featuredmedia":[{"embeddable":true,"href":"https:\/\/atitudenoticias.com.br\/index.php?rest_route=\/wp\/v2\/media\/23739"}],"wp:attachment":[{"href":"https:\/\/atitudenoticias.com.br\/index.php?rest_route=%2Fwp%2Fv2%2Fmedia&parent=23738"}],"wp:term":[{"taxonomy":"category","embeddable":true,"href":"https:\/\/atitudenoticias.com.br\/index.php?rest_route=%2Fwp%2Fv2%2Fcategories&post=23738"},{"taxonomy":"post_tag","embeddable":true,"href":"https:\/\/atitudenoticias.com.br\/index.php?rest_route=%2Fwp%2Fv2%2Ftags&post=23738"}],"curies":[{"name":"wp","href":"https:\/\/api.w.org\/{rel}","templated":true}]}}