{"id":24040,"date":"2026-02-10T17:22:18","date_gmt":"2026-02-10T20:22:18","guid":{"rendered":"https:\/\/atitudenoticias.com.br\/?p=24040"},"modified":"2026-02-10T17:22:38","modified_gmt":"2026-02-10T20:22:38","slug":"nova-lei-muda-regras-de-estacionamento-em-shoppings-da-bahia","status":"publish","type":"post","link":"https:\/\/atitudenoticias.com.br\/?p=24040","title":{"rendered":"Nova lei muda regras de estacionamento em shoppings da Bahia"},"content":{"rendered":"\n<p class=\"has-text-align-center\"><strong><em>Estabelecimentos agora s\u00e3o obrigados a oferecer pontos de recarga para carros el\u00e9tricos<\/em><\/strong><\/p>\n\n\n\n<p class=\"has-text-align-left\">Shoppings centers da Bahia considerados de porte m\u00e9dio ou superior passam a ser obrigados a oferecer vagas com pontos de recarga para ve\u00edculos el\u00e9tricos e h\u00edbridos. A exig\u00eancia est\u00e1 prevista na<strong>\u00a0Lei n\u00ba 15.120<\/strong>, promulgada no fim de janeiro pela presidente da Assembl\u00e9ia Legislativa da Bahia (Alba), deputada\u00a0Ivana Bastos (PSD).<\/p>\n\n\n\n<p class=\"has-text-align-left\">A norma \u00e9 de autoria do deputado estadual \u00c2ngelo Coronel Filho (PSD)\u00a0e determina que entre<strong>\u00a05% e 10% das vagas de estacionamento desses empreendimentos\u00a0<\/strong>sejam destinadas a ve\u00edculos el\u00e9tricos.<\/p>\n\n\n\n<p class=\"has-text-align-left\">Os crit\u00e9rios t\u00e9cnicos para a instala\u00e7\u00e3o dos pontos de recarga ainda ser\u00e3o definidos em regulamento do Poder Executivo.<\/p>\n\n\n\n<h2 class=\"wp-block-heading\">O que muda na pr\u00e1tica<\/h2>\n\n\n\n<p>Com a nova lei, shoppings que se enquadram nos crit\u00e9rios estabelecidos passam a ter obriga\u00e7\u00e3o legal de adaptar parte do estacionamento para atender carros el\u00e9tricos e h\u00edbridos.<\/p>\n\n\n\n<p>A medida vale tanto para empreendimentos j\u00e1 em funcionamento quanto para novos projetos, conforme a regulamenta\u00e7\u00e3o.<\/p>\n\n\n\n<p><strong>Quem ser\u00e1 impactado<\/strong><\/p>\n\n\n\n<p>A lei alcan\u00e7a shoppings centers tradicionais de porte m\u00e9dio, definidos como empreendimentos com diversas lojas, administra\u00e7\u00e3o centralizada e&nbsp;<strong>\u00c1rea Bruta Loc\u00e1vel (ABL) superior a 20 mil metros quadrados<\/strong>.<\/p>\n\n\n\n<p>Tamb\u00e9m entram na regra os shoppings especializados de porte m\u00e9dio, como outlets e centros voltados a nichos espec\u00edficos de mercado, com&nbsp;<strong>ABL superior a 10 mil metros quadrados<\/strong>.<\/p>\n\n\n\n<p>Vale ressaltar que o texto define<strong>&nbsp;ve\u00edculo el\u00e9trico<\/strong>&nbsp;como aquele movido exclusivamente por motor el\u00e9trico e ve\u00edculo h\u00edbrido como o que combina motor a combust\u00e3o e motor el\u00e9trico, com possibilidade de recarga por fonte externa.<\/p>\n\n\n\n<h3 class=\"wp-block-heading\">Por que a lei foi criada<\/h3>\n\n\n\n<p>Na justificativa do projeto, Angelo Coronel Filho afirmou que a reserva de vagas com pontos de recarga busca incentivar o uso de tecnologias menos poluentes, contribuir para a redu\u00e7\u00e3o das emiss\u00f5es de gases de efeito estufa e promover a moderniza\u00e7\u00e3o da infraestrutura urbana.<\/p>\n\n\n\n<p>O parlamentar citou ainda dados da Associa\u00e7\u00e3o Brasileira do Ve\u00edculo El\u00e9trico (ABVE), que apontam a venda de quase 87 mil ve\u00edculos eletrificados no primeiro semestre de 2025 na Bahia, com crescimento de 9,5% em rela\u00e7\u00e3o ao mesmo per\u00edodo do ano anterior. <strong><em>(ATarde)<\/em><\/strong><\/p>\n\n\n\n<p class=\"has-text-align-left\"><br><\/p>\n","protected":false},"excerpt":{"rendered":"<p>Estabelecimentos agora s\u00e3o obrigados a oferecer pontos de recarga para carros el\u00e9tricos Shoppings centers da&hellip;<\/p>\n","protected":false},"author":2,"featured_media":24041,"comment_status":"open","ping_status":"open","sticky":false,"template":"","format":"standard","meta":{"footnotes":""},"categories":[82,62],"tags":[],"class_list":["post-24040","post","type-post","status-publish","format-standard","has-post-thumbnail","hentry","category-auto-motos","category-justica"],"_links":{"self":[{"href":"https:\/\/atitudenoticias.com.br\/index.php?rest_route=\/wp\/v2\/posts\/24040","targetHints":{"allow":["GET"]}}],"collection":[{"href":"https:\/\/atitudenoticias.com.br\/index.php?rest_route=\/wp\/v2\/posts"}],"about":[{"href":"https:\/\/atitudenoticias.com.br\/index.php?rest_route=\/wp\/v2\/types\/post"}],"author":[{"embeddable":true,"href":"https:\/\/atitudenoticias.com.br\/index.php?rest_route=\/wp\/v2\/users\/2"}],"replies":[{"embeddable":true,"href":"https:\/\/atitudenoticias.com.br\/index.php?rest_route=%2Fwp%2Fv2%2Fcomments&post=24040"}],"version-history":[{"count":1,"href":"https:\/\/atitudenoticias.com.br\/index.php?rest_route=\/wp\/v2\/posts\/24040\/revisions"}],"predecessor-version":[{"id":24042,"href":"https:\/\/atitudenoticias.com.br\/index.php?rest_route=\/wp\/v2\/posts\/24040\/revisions\/24042"}],"wp:featuredmedia":[{"embeddable":true,"href":"https:\/\/atitudenoticias.com.br\/index.php?rest_route=\/wp\/v2\/media\/24041"}],"wp:attachment":[{"href":"https:\/\/atitudenoticias.com.br\/index.php?rest_route=%2Fwp%2Fv2%2Fmedia&parent=24040"}],"wp:term":[{"taxonomy":"category","embeddable":true,"href":"https:\/\/atitudenoticias.com.br\/index.php?rest_route=%2Fwp%2Fv2%2Fcategories&post=24040"},{"taxonomy":"post_tag","embeddable":true,"href":"https:\/\/atitudenoticias.com.br\/index.php?rest_route=%2Fwp%2Fv2%2Ftags&post=24040"}],"curies":[{"name":"wp","href":"https:\/\/api.w.org\/{rel}","templated":true}]}}