{"id":24127,"date":"2026-02-23T17:28:41","date_gmt":"2026-02-23T20:28:41","guid":{"rendered":"https:\/\/atitudenoticias.com.br\/?p=24127"},"modified":"2026-02-23T17:28:42","modified_gmt":"2026-02-23T20:28:42","slug":"camara-entrega-cheque-simbolico-de-mais-de-r-6-milhoes-para-construcao-do-hospital-baiano-de-oncologia","status":"publish","type":"post","link":"https:\/\/atitudenoticias.com.br\/?p=24127","title":{"rendered":"C\u00e2mara entrega cheque simb\u00f3lico de mais de R$ 6 milh\u00f5es para constru\u00e7\u00e3o do Hospital Baiano de Oncologia"},"content":{"rendered":"\n<p><\/p>\n\n\n\n<p>A C\u00e2mara Municipal de Feira de Santana realizou, na manh\u00e3 desta segunda-feira (23), a entrega de um cheque simb\u00f3lico no valor de R$ 6.015.848,00 \u00e0 Santa Casa de Miseric\u00f3rdia, destinado \u00e0 constru\u00e7\u00e3o do Hospital Baiano de Oncologia (HBO). O ato institucional ocorreu no audit\u00f3rio da entidade filantr\u00f3pica e contou com a presen\u00e7a do presidente do Legislativo feirense, vereador Marcos Lima (Uni\u00e3o), que fez a entrega \u00e0 provedora da institui\u00e7\u00e3o, Fernanda Reis.<\/p>\n\n\n\n<p>Ao destacar a iniciativa, Marcos Lima ressaltou que o atendimento a pacientes com c\u00e2ncer j\u00e1 \u00e9 realizado por meio da Unidade de Alta Complexidade em Oncologia (UNACON), vinculada ao Hospital Dom Pedro de Alc\u00e2ntara e mantida pela Santa Casa. Segundo ele, a implanta\u00e7\u00e3o do novo hospital permitir\u00e1 a amplia\u00e7\u00e3o dessa assist\u00eancia. \u201cSer\u00e1 o segundo maior da Bahia\u201d, afirmou. O presidente tamb\u00e9m agradeceu aos parlamentares pela destina\u00e7\u00e3o das emendas impositivas que viabilizaram o repasse dos recursos e parabenizou os colegas pela sensibilidade em apoiar a iniciativa.<\/p>\n\n\n\n<p>Presente na solenidade, o prefeito Jos\u00e9 Ronaldo (Uni\u00e3o) classificou a iniciativa do Legislativo como \u201clouv\u00e1vel e grandiosa\u201d. De acordo com o gestor, os valores contribuir\u00e3o para o avan\u00e7o das obras e para o fortalecimento da rede de atendimento oncol\u00f3gico no munic\u00edpio e regi\u00e3o. Por esta raz\u00e3o, ele garantiu que dar\u00e1 prioridade aos tr\u00e2mites necess\u00e1rios para a libera\u00e7\u00e3o dos recursos. O prefeito tamb\u00e9m ressaltou o papel da Santa Casa como refer\u00eancia regional, atendendo Feira de Santana e cerca de 71 munic\u00edpios, especialmente nas \u00e1reas de Oncologia e Cardiologia.<\/p>\n\n\n\n<p>A provedora da Santa Casa, Fernanda Reis, enfatizou que a amplia\u00e7\u00e3o da estrutura \u00e9 fundamental diante do aumento significativo na procura por atendimento oncol\u00f3gico. Segundo ela, h\u00e1 cerca de um ano e meio eram realizados, em m\u00e9dia, 3.200 atendimentos mensais. Atualmente, esse n\u00famero chega a aproximadamente 4.200. \u201cS\u00e3o mil atendimentos a mais com a mesma estrutura f\u00edsica\u201d, destacou, ao refor\u00e7ar a necessidade de expans\u00e3o para garantir a continuidade da assist\u00eancia com qualidade.<\/p>\n\n\n\n<p>Tamb\u00e9m participaram do ato os vereadores Albino Brand\u00e3o (PSDB), Edvaldo Lima (Uni\u00e3o), Eli Ribeiro (Republicanos), Galeguinho (Uni\u00e3o), Gean Caverna (Podemos), Jorge Oliveira (PRD), Jos\u00e9 Carneiro (Uni\u00e3o), Josivaldo Santana (Uni\u00e3o), Luiz da Feira (PP), Lulinha da Gente (Uni\u00e3o), Marcus Carvalhal (PL), Pastor Valdemir (PV), Pedro Am\u00e9rico (Cidadania), Professor Ivamberg (PT), Ron do Povo (PP), Silvio Dias (PT) e Z\u00e9 Curuca (Uni\u00e3o). Um representante da vereadora Lu de Ronny (PV) tamb\u00e9m esteve presente.<em><strong> (ASCOM\/CMFS)<\/strong><\/em><\/p>\n","protected":false},"excerpt":{"rendered":"<p>A C\u00e2mara Municipal de Feira de Santana realizou, na manh\u00e3 desta segunda-feira (23), a entrega&hellip;<\/p>\n","protected":false},"author":2,"featured_media":24128,"comment_status":"open","ping_status":"open","sticky":false,"template":"","format":"standard","meta":{"footnotes":""},"categories":[30],"tags":[],"class_list":["post-24127","post","type-post","status-publish","format-standard","has-post-thumbnail","hentry","category-politica"],"_links":{"self":[{"href":"https:\/\/atitudenoticias.com.br\/index.php?rest_route=\/wp\/v2\/posts\/24127","targetHints":{"allow":["GET"]}}],"collection":[{"href":"https:\/\/atitudenoticias.com.br\/index.php?rest_route=\/wp\/v2\/posts"}],"about":[{"href":"https:\/\/atitudenoticias.com.br\/index.php?rest_route=\/wp\/v2\/types\/post"}],"author":[{"embeddable":true,"href":"https:\/\/atitudenoticias.com.br\/index.php?rest_route=\/wp\/v2\/users\/2"}],"replies":[{"embeddable":true,"href":"https:\/\/atitudenoticias.com.br\/index.php?rest_route=%2Fwp%2Fv2%2Fcomments&post=24127"}],"version-history":[{"count":1,"href":"https:\/\/atitudenoticias.com.br\/index.php?rest_route=\/wp\/v2\/posts\/24127\/revisions"}],"predecessor-version":[{"id":24129,"href":"https:\/\/atitudenoticias.com.br\/index.php?rest_route=\/wp\/v2\/posts\/24127\/revisions\/24129"}],"wp:featuredmedia":[{"embeddable":true,"href":"https:\/\/atitudenoticias.com.br\/index.php?rest_route=\/wp\/v2\/media\/24128"}],"wp:attachment":[{"href":"https:\/\/atitudenoticias.com.br\/index.php?rest_route=%2Fwp%2Fv2%2Fmedia&parent=24127"}],"wp:term":[{"taxonomy":"category","embeddable":true,"href":"https:\/\/atitudenoticias.com.br\/index.php?rest_route=%2Fwp%2Fv2%2Fcategories&post=24127"},{"taxonomy":"post_tag","embeddable":true,"href":"https:\/\/atitudenoticias.com.br\/index.php?rest_route=%2Fwp%2Fv2%2Ftags&post=24127"}],"curies":[{"name":"wp","href":"https:\/\/api.w.org\/{rel}","templated":true}]}}