{"id":24139,"date":"2026-02-24T17:07:38","date_gmt":"2026-02-24T20:07:38","guid":{"rendered":"https:\/\/atitudenoticias.com.br\/?p=24139"},"modified":"2026-02-24T17:07:40","modified_gmt":"2026-02-24T20:07:40","slug":"secretaria-de-cultura-esporte-e-lazer-integrara-acoes-do-convive-ao-lado-de-outras-pastas-municipais","status":"publish","type":"post","link":"https:\/\/atitudenoticias.com.br\/?p=24139","title":{"rendered":"Secretaria de Cultura, Esporte e Lazer integrar\u00e1 a\u00e7\u00f5es do Convive ao lado de outras pastas municipais"},"content":{"rendered":"\n<p class=\"has-text-align-center\"><em><strong>A proposta \u00e9 que o espa\u00e7o funcione de forma articulada, reunindo pol\u00edticas p\u00fablicas voltadas \u00e0 comunidade<\/strong><\/em><\/p>\n\n\n\n<p>A Prefeitura de Feira de Santana autorizou, nesta segunda-feira (23), a constru\u00e7\u00e3o do Centro Comunit\u00e1rio pela Vida (Convive), equipamento idealizado pelo Minist\u00e9rio da Justi\u00e7a que contar\u00e1 com atua\u00e7\u00e3o integrada de diversas secretarias municipais. A proposta \u00e9 que o espa\u00e7o funcione de forma articulada, reunindo pol\u00edticas p\u00fablicas voltadas \u00e0 comunidade.<\/p>\n\n\n\n<p>Al\u00e9m da Secretaria de Cultura, Esporte e Lazer (Secel), participar\u00e3o das a\u00e7\u00f5es a Secretaria de Sa\u00fade, a Secretaria de Educa\u00e7\u00e3o, a Secretaria de Desenvolvimento Social (SEDESO), a Secretaria Municipal da Mulher e a Secretaria de Preven\u00e7\u00e3o \u00e0 Viol\u00eancia (SEPREV), entre outras pastas da administra\u00e7\u00e3o.<\/p>\n\n\n\n<p>O Convive ser\u00e1 implantado na regi\u00e3o entre os bairros Papagaio e Mangabeira e ter\u00e1 estrutura voltada \u00e0 pr\u00e1tica esportiva, atividades culturais, forma\u00e7\u00e3o educacional, atendimentos sociais e a\u00e7\u00f5es comunit\u00e1rias. O espa\u00e7o contar\u00e1 com quadra poliesportiva, piscina, campo society, audit\u00f3rio e salas destinadas a oficinas e atendimentos.<\/p>\n\n\n\n<p>De acordo com o secret\u00e1rio de Cultura, Esporte e Lazer, Cristiano L\u00f4bo, a participa\u00e7\u00e3o da Secel ser\u00e1 voltada \u00e0 organiza\u00e7\u00e3o das atividades esportivas, culturais e de lazer no equipamento.<\/p>\n\n\n\n<p>\u201cO Convive \u00e9 um espa\u00e7o pensado para ampliar o acesso da popula\u00e7\u00e3o ao esporte, \u00e0 cultura e ao lazer. Nossa Secretaria contribuir\u00e1 com programa\u00e7\u00e3o esportiva, oficinas culturais e atividades recreativas, sempre de forma integrada com as demais \u00e1reas do munic\u00edpio\u201d, afirmou.<\/p>\n\n\n\n<p>A proposta do equipamento \u00e9 concentrar, em um mesmo espa\u00e7o, servi\u00e7os e a\u00e7\u00f5es de diferentes \u00e1reas, fortalecendo a conviv\u00eancia comunit\u00e1ria e ampliando oportunidades para crian\u00e7as, adolescentes e fam\u00edlias em Feira de Santana. <em><strong>(SECOM\/PMFS)<\/strong><\/em><\/p>\n","protected":false},"excerpt":{"rendered":"<p>A proposta \u00e9 que o espa\u00e7o funcione de forma articulada, reunindo pol\u00edticas p\u00fablicas voltadas \u00e0&hellip;<\/p>\n","protected":false},"author":2,"featured_media":13802,"comment_status":"open","ping_status":"open","sticky":false,"template":"","format":"standard","meta":{"footnotes":""},"categories":[26,58],"tags":[],"class_list":["post-24139","post","type-post","status-publish","format-standard","has-post-thumbnail","hentry","category-esportes","category-feira-de-santana"],"_links":{"self":[{"href":"https:\/\/atitudenoticias.com.br\/index.php?rest_route=\/wp\/v2\/posts\/24139","targetHints":{"allow":["GET"]}}],"collection":[{"href":"https:\/\/atitudenoticias.com.br\/index.php?rest_route=\/wp\/v2\/posts"}],"about":[{"href":"https:\/\/atitudenoticias.com.br\/index.php?rest_route=\/wp\/v2\/types\/post"}],"author":[{"embeddable":true,"href":"https:\/\/atitudenoticias.com.br\/index.php?rest_route=\/wp\/v2\/users\/2"}],"replies":[{"embeddable":true,"href":"https:\/\/atitudenoticias.com.br\/index.php?rest_route=%2Fwp%2Fv2%2Fcomments&post=24139"}],"version-history":[{"count":1,"href":"https:\/\/atitudenoticias.com.br\/index.php?rest_route=\/wp\/v2\/posts\/24139\/revisions"}],"predecessor-version":[{"id":24140,"href":"https:\/\/atitudenoticias.com.br\/index.php?rest_route=\/wp\/v2\/posts\/24139\/revisions\/24140"}],"wp:featuredmedia":[{"embeddable":true,"href":"https:\/\/atitudenoticias.com.br\/index.php?rest_route=\/wp\/v2\/media\/13802"}],"wp:attachment":[{"href":"https:\/\/atitudenoticias.com.br\/index.php?rest_route=%2Fwp%2Fv2%2Fmedia&parent=24139"}],"wp:term":[{"taxonomy":"category","embeddable":true,"href":"https:\/\/atitudenoticias.com.br\/index.php?rest_route=%2Fwp%2Fv2%2Fcategories&post=24139"},{"taxonomy":"post_tag","embeddable":true,"href":"https:\/\/atitudenoticias.com.br\/index.php?rest_route=%2Fwp%2Fv2%2Ftags&post=24139"}],"curies":[{"name":"wp","href":"https:\/\/api.w.org\/{rel}","templated":true}]}}