{"id":24141,"date":"2026-02-24T17:14:51","date_gmt":"2026-02-24T20:14:51","guid":{"rendered":"https:\/\/atitudenoticias.com.br\/?p=24141"},"modified":"2026-02-24T17:14:53","modified_gmt":"2026-02-24T20:14:53","slug":"servidores-baianos-vao-receber-quase-2-anos-de-retroativo-de-beneficio-veja-quem-tem-direito","status":"publish","type":"post","link":"https:\/\/atitudenoticias.com.br\/?p=24141","title":{"rendered":"Servidores baianos v\u00e3o receber quase 2 anos de retroativo de benef\u00edcio; veja quem tem direito"},"content":{"rendered":"\n<p class=\"has-text-align-center\"><strong><em>A diferen\u00e7a ser\u00e1 paga aos servidores ativos na folha salarial deste m\u00eas de fevereiro<\/em><\/strong><\/p>\n\n\n\n<p>O governo baiano voltar\u00e1 a contabilizar o Adicional por Tempo de Servi\u00e7o (ATS) para servidores do Estado, a partir deste m\u00eas. O benef\u00edcio foi suspenso pelo Governo Federal entre maio de 2020 e dezembro de 2021, em fun\u00e7\u00e3o da calamidade p\u00fablica causada pela pandemia da Covid-19. Agora, o per\u00edodo que ficou suspenso &#8211; um ano e sete meses &#8211; volta a ser contabilizado para benef\u00edcios como anu\u00eanio, tri\u00eanio, quinqu\u00eanio, sexta-parte, licen\u00e7a-pr\u00eamio.<\/p>\n\n\n\n<p>A diferen\u00e7a referente a este per\u00edodo de um ano e sete meses ser\u00e1 paga aos servidores ativos na folha salarial deste m\u00eas de fevereiro. O pr\u00f3ximo contracheque j\u00e1 trar\u00e1 o valor do ATS com a contabiliza\u00e7\u00e3o do per\u00edodo acrescido. J\u00e1 no caso dos servidores aposentados que possuem direito, a revis\u00e3o do Adicional por Tempo de Servi\u00e7o exige a revis\u00e3o das aposentadorias, que est\u00e1 em estudo com a Procuradoria Geral do Estado e o Tribunal de Contas do Estado<\/p>\n\n\n\n<p id=\"paragrafo-e5d04jogsw\">O Adicional por Tempo de Servi\u00e7o voltou a contabilizar o per\u00edodo de um ano e sete meses em fun\u00e7\u00e3o da Lei Complementar N\u00ba 226\/2026, editada pelo Governo Federal em janeiro deste ano, restabelecendo o benef\u00edcio. A Lei 226\/2026 tamb\u00e9m autorizou o pagamento retroativo do ATS, mas depende de publica\u00e7\u00e3o para regulamenta\u00e7\u00e3o, que ser\u00e1 estabelecida por Lei Estadual.<\/p>\n\n\n\n<p id=\"paragrafo-2y2uchlc9k\">Na pr\u00e1tica, o prazo que ficou suspenso o ATS &#8211; um ano e sete meses &#8211; ser\u00e1 acrescido no per\u00edodo que o servidor j\u00e1 possui para fim de contabiliza\u00e7\u00e3o do Adicional por Tempo de Servi\u00e7o. No Estado da Bahia, os servidores possuem direito ao ATS no percentual de 5% sobre o vencimento b\u00e1sico, ap\u00f3s completar cinco anos de servi\u00e7o p\u00fablico. Nos anos subsequentes, passam a perceber 1% anualmente.<\/p>\n\n\n\n<p id=\"paragrafo-82g36552q9\">O ATS foi suspenso por for\u00e7a da Lei Complementar N\u00ba173, que estabeleceu restri\u00e7\u00f5es para Uni\u00e3o, Estados, o Distrito Federal e os Munic\u00edpios afetados pela calamidade p\u00fablica. Ficaram vetados atos como contabiliza\u00e7\u00e3o do ATS, concess\u00e3o de vantagens, cria\u00e7\u00e3o de cargo, contrata\u00e7\u00e3o pessoal, medidas que gerassem despesas e outras.\u00a0A Lei 226 ainda estabelece que o pagamento retroativo do ATS deve respeitar a disponibilidade or\u00e7ament\u00e1ria do Governo do Estado e n\u00e3o podem transferir encargos financeiros para outro ente como a Uni\u00e3o.<em><strong> (Correios24hs)<\/strong><\/em><\/p>\n\n\n\n<p><\/p>\n","protected":false},"excerpt":{"rendered":"<p>A diferen\u00e7a ser\u00e1 paga aos servidores ativos na folha salarial deste m\u00eas de fevereiro O&hellip;<\/p>\n","protected":false},"author":2,"featured_media":24142,"comment_status":"open","ping_status":"open","sticky":false,"template":"","format":"standard","meta":{"footnotes":""},"categories":[22],"tags":[],"class_list":["post-24141","post","type-post","status-publish","format-standard","has-post-thumbnail","hentry","category-bahia"],"_links":{"self":[{"href":"https:\/\/atitudenoticias.com.br\/index.php?rest_route=\/wp\/v2\/posts\/24141","targetHints":{"allow":["GET"]}}],"collection":[{"href":"https:\/\/atitudenoticias.com.br\/index.php?rest_route=\/wp\/v2\/posts"}],"about":[{"href":"https:\/\/atitudenoticias.com.br\/index.php?rest_route=\/wp\/v2\/types\/post"}],"author":[{"embeddable":true,"href":"https:\/\/atitudenoticias.com.br\/index.php?rest_route=\/wp\/v2\/users\/2"}],"replies":[{"embeddable":true,"href":"https:\/\/atitudenoticias.com.br\/index.php?rest_route=%2Fwp%2Fv2%2Fcomments&post=24141"}],"version-history":[{"count":1,"href":"https:\/\/atitudenoticias.com.br\/index.php?rest_route=\/wp\/v2\/posts\/24141\/revisions"}],"predecessor-version":[{"id":24143,"href":"https:\/\/atitudenoticias.com.br\/index.php?rest_route=\/wp\/v2\/posts\/24141\/revisions\/24143"}],"wp:featuredmedia":[{"embeddable":true,"href":"https:\/\/atitudenoticias.com.br\/index.php?rest_route=\/wp\/v2\/media\/24142"}],"wp:attachment":[{"href":"https:\/\/atitudenoticias.com.br\/index.php?rest_route=%2Fwp%2Fv2%2Fmedia&parent=24141"}],"wp:term":[{"taxonomy":"category","embeddable":true,"href":"https:\/\/atitudenoticias.com.br\/index.php?rest_route=%2Fwp%2Fv2%2Fcategories&post=24141"},{"taxonomy":"post_tag","embeddable":true,"href":"https:\/\/atitudenoticias.com.br\/index.php?rest_route=%2Fwp%2Fv2%2Ftags&post=24141"}],"curies":[{"name":"wp","href":"https:\/\/api.w.org\/{rel}","templated":true}]}}