{"id":24146,"date":"2026-02-24T17:40:37","date_gmt":"2026-02-24T20:40:37","guid":{"rendered":"https:\/\/atitudenoticias.com.br\/?p=24146"},"modified":"2026-02-24T17:40:39","modified_gmt":"2026-02-24T20:40:39","slug":"campeao-do-mundo-pela-selecao-em-1994-ex-atacante-viola-e-condenado-a-prisao","status":"publish","type":"post","link":"https:\/\/atitudenoticias.com.br\/?p=24146","title":{"rendered":"Campe\u00e3o do mundo pela Sele\u00e7\u00e3o em 1994, ex-atacante Viola \u00e9 condenado \u00e0 pris\u00e3o"},"content":{"rendered":"\n<p class=\"has-text-align-center\"><em><strong>Decis\u00e3o \u00e9 de processo julgado desde 2012 por porte ilegal de arma e pena foi substitu\u00edda por servi\u00e7os comunit\u00e1rios. Ex-jogador pode recorrer<\/strong><\/em><\/p>\n\n\n\n<p>O ex-jogador Paulo S\u00e9rgio Rosa, conhecido como Viola, foi condenado a 3 anos e 10 meses de pris\u00e3o em regime aberto por porte ilegal de arma de fogo. O processo foi aberto em 2012 pela sua ex-esposa.<\/p>\n\n\n\n<p>Na ocasi\u00e3o, Viola se trancou em casa com o filho depois de ter perdido a guarda dele para a ex-mulher. A pol\u00edcia foi at\u00e9 o local e encontrou uma espingarda e um rev\u00f3lver na resid\u00eancia, al\u00e9m de muni\u00e7\u00f5es.<\/p>\n\n\n\n<p>O ex-jogador chegou a ficar cinco dias preso por causa disso.<\/p>\n\n\n\n<p>O processo foi julgado pelo juiz Gustavo Nardi, do Tribunal de Justi\u00e7a de S\u00e3o Paulo, que aceitou pedido do Minist\u00e9rio P\u00fablico e condenou o ex-jogador. A pena, no entanto, foi substitu\u00edda por servi\u00e7os comunit\u00e1rios pelo mesmo per\u00edodo da senten\u00e7a em entidade a ser definida pelo Ju\u00edzo de Execu\u00e7\u00f5es.<\/p>\n\n\n\n<p>Viola tamb\u00e9m ter\u00e1 de pagar uma multa fixada no valor do sal\u00e1rio-m\u00ednimo do ano em que a a\u00e7\u00e3o teve in\u00edcio, ou seja, em 2012. O ex-jogador pode recorrer da decis\u00e3o.<\/p>\n\n\n\n<p>Atualmente com 57 anos, Viola foi campe\u00e3o do mundo com a sele\u00e7\u00e3o brasileira em 1994 e teve passagens marcantes por grandes clubes, como Corinthians, Palmeiras, Santos e Vasco. Ele tamb\u00e9m atuou no futebol turco e espanhol.<strong><em> (GE)<\/em><\/strong><\/p>\n","protected":false},"excerpt":{"rendered":"<p>Decis\u00e3o \u00e9 de processo julgado desde 2012 por porte ilegal de arma e pena foi&hellip;<\/p>\n","protected":false},"author":2,"featured_media":24147,"comment_status":"open","ping_status":"open","sticky":false,"template":"","format":"standard","meta":{"footnotes":""},"categories":[26,62,60],"tags":[],"class_list":["post-24146","post","type-post","status-publish","format-standard","has-post-thumbnail","hentry","category-esportes","category-justica","category-policia"],"_links":{"self":[{"href":"https:\/\/atitudenoticias.com.br\/index.php?rest_route=\/wp\/v2\/posts\/24146","targetHints":{"allow":["GET"]}}],"collection":[{"href":"https:\/\/atitudenoticias.com.br\/index.php?rest_route=\/wp\/v2\/posts"}],"about":[{"href":"https:\/\/atitudenoticias.com.br\/index.php?rest_route=\/wp\/v2\/types\/post"}],"author":[{"embeddable":true,"href":"https:\/\/atitudenoticias.com.br\/index.php?rest_route=\/wp\/v2\/users\/2"}],"replies":[{"embeddable":true,"href":"https:\/\/atitudenoticias.com.br\/index.php?rest_route=%2Fwp%2Fv2%2Fcomments&post=24146"}],"version-history":[{"count":1,"href":"https:\/\/atitudenoticias.com.br\/index.php?rest_route=\/wp\/v2\/posts\/24146\/revisions"}],"predecessor-version":[{"id":24148,"href":"https:\/\/atitudenoticias.com.br\/index.php?rest_route=\/wp\/v2\/posts\/24146\/revisions\/24148"}],"wp:featuredmedia":[{"embeddable":true,"href":"https:\/\/atitudenoticias.com.br\/index.php?rest_route=\/wp\/v2\/media\/24147"}],"wp:attachment":[{"href":"https:\/\/atitudenoticias.com.br\/index.php?rest_route=%2Fwp%2Fv2%2Fmedia&parent=24146"}],"wp:term":[{"taxonomy":"category","embeddable":true,"href":"https:\/\/atitudenoticias.com.br\/index.php?rest_route=%2Fwp%2Fv2%2Fcategories&post=24146"},{"taxonomy":"post_tag","embeddable":true,"href":"https:\/\/atitudenoticias.com.br\/index.php?rest_route=%2Fwp%2Fv2%2Ftags&post=24146"}],"curies":[{"name":"wp","href":"https:\/\/api.w.org\/{rel}","templated":true}]}}