{"id":24151,"date":"2026-02-25T17:15:15","date_gmt":"2026-02-25T20:15:15","guid":{"rendered":"https:\/\/atitudenoticias.com.br\/?p=24151"},"modified":"2026-02-25T17:15:16","modified_gmt":"2026-02-25T20:15:16","slug":"canal-199-da-coordenacao-de-defesa-civil-e-instalado-em-feira","status":"publish","type":"post","link":"https:\/\/atitudenoticias.com.br\/?p=24151","title":{"rendered":"Canal 199 da Coordena\u00e7\u00e3o de Defesa Civil \u00e9 instalado em Feira"},"content":{"rendered":"\n<p class=\"has-text-align-center\"><em><strong>O canal vai agilizar o atendimento \u00e0 popula\u00e7\u00e3o, com pronta resposta, nos casos de emerg\u00eancias, situa\u00e7\u00f5es de risco e desastres naturais<\/strong><\/em><\/p>\n\n\n\n<p>A Prefeitura de Feira de Santana instala o canal 199 da Coordena\u00e7\u00e3o Municipal de Prote\u00e7\u00e3o e Defesa Civil. As chamadas s\u00e3o gratuitas e destinadas a emerg\u00eancias. O atendimento \u00e0s demandas ser\u00e1 em tempo integral.<\/p>\n\n\n\n<p>O canal vai agilizar o atendimento \u00e0 popula\u00e7\u00e3o, com pronta resposta, nos casos de emerg\u00eancias, situa\u00e7\u00f5es de risco, desastres naturais, inunda\u00e7\u00f5es, desabamentos e outras amea\u00e7as \u00e0 integridade f\u00edsica das pessoas.<\/p>\n\n\n\n<p>Tamb\u00e9m vai facilitar o pronto emprego de pessoal na resposta a situa\u00e7\u00f5es de risco ou desastres que o requeiram. O canal 199 da COMPDEC vai facilitar o acesso da popula\u00e7\u00e3o aos servi\u00e7os de Prote\u00e7\u00e3o e Defesa Civil de Feira de Santana.<\/p>\n\n\n\n<p>A Secretaria de Preven\u00e7\u00e3o \u00e0 Viol\u00eancia, por interm\u00e9dio do Centro de Controle Operacional, ser\u00e1 respons\u00e1vel pela manuten\u00e7\u00e3o, controle e operacionaliza\u00e7\u00e3o do canal de atendimento emergencial 199. Ser\u00e3o mantidos os demais canais de atendimento complementares utilizados pelo munic\u00edpio.<\/p>\n\n\n\n<p>As informa\u00e7\u00f5es coletadas pelo canal 199 s\u00e3o sigilosas, em conformidade com as disposi\u00e7\u00f5es normativas da Lei Geral de Prote\u00e7\u00e3o de Dados Pessoais. O secret\u00e1rio de Preven\u00e7\u00e3o \u00e0 Viol\u00eancia, Luziel Andrade, poder\u00e1 designar, por meio de portaria, o remanejamento de servidores municipais para desenvolver suas atividades no setor.<\/p>\n\n\n\n<p>A Defesa Civil \u00e9 vinculada \u00e0 estrutura administrativa da Seprev (Secretaria de Preven\u00e7\u00e3o \u00e0 Viol\u00eancia)<em><strong>. (SECOM\/PMFS)<\/strong><\/em><\/p>\n","protected":false},"excerpt":{"rendered":"<p>O canal vai agilizar o atendimento \u00e0 popula\u00e7\u00e3o, com pronta resposta, nos casos de emerg\u00eancias,&hellip;<\/p>\n","protected":false},"author":2,"featured_media":24152,"comment_status":"open","ping_status":"open","sticky":false,"template":"","format":"standard","meta":{"footnotes":""},"categories":[58],"tags":[],"class_list":["post-24151","post","type-post","status-publish","format-standard","has-post-thumbnail","hentry","category-feira-de-santana"],"_links":{"self":[{"href":"https:\/\/atitudenoticias.com.br\/index.php?rest_route=\/wp\/v2\/posts\/24151","targetHints":{"allow":["GET"]}}],"collection":[{"href":"https:\/\/atitudenoticias.com.br\/index.php?rest_route=\/wp\/v2\/posts"}],"about":[{"href":"https:\/\/atitudenoticias.com.br\/index.php?rest_route=\/wp\/v2\/types\/post"}],"author":[{"embeddable":true,"href":"https:\/\/atitudenoticias.com.br\/index.php?rest_route=\/wp\/v2\/users\/2"}],"replies":[{"embeddable":true,"href":"https:\/\/atitudenoticias.com.br\/index.php?rest_route=%2Fwp%2Fv2%2Fcomments&post=24151"}],"version-history":[{"count":1,"href":"https:\/\/atitudenoticias.com.br\/index.php?rest_route=\/wp\/v2\/posts\/24151\/revisions"}],"predecessor-version":[{"id":24153,"href":"https:\/\/atitudenoticias.com.br\/index.php?rest_route=\/wp\/v2\/posts\/24151\/revisions\/24153"}],"wp:featuredmedia":[{"embeddable":true,"href":"https:\/\/atitudenoticias.com.br\/index.php?rest_route=\/wp\/v2\/media\/24152"}],"wp:attachment":[{"href":"https:\/\/atitudenoticias.com.br\/index.php?rest_route=%2Fwp%2Fv2%2Fmedia&parent=24151"}],"wp:term":[{"taxonomy":"category","embeddable":true,"href":"https:\/\/atitudenoticias.com.br\/index.php?rest_route=%2Fwp%2Fv2%2Fcategories&post=24151"},{"taxonomy":"post_tag","embeddable":true,"href":"https:\/\/atitudenoticias.com.br\/index.php?rest_route=%2Fwp%2Fv2%2Ftags&post=24151"}],"curies":[{"name":"wp","href":"https:\/\/api.w.org\/{rel}","templated":true}]}}