{"id":24157,"date":"2026-02-26T17:44:53","date_gmt":"2026-02-26T20:44:53","guid":{"rendered":"https:\/\/atitudenoticias.com.br\/?p=24157"},"modified":"2026-02-27T14:49:57","modified_gmt":"2026-02-27T17:49:57","slug":"guarda-municipal-passa-a-receber-auxilio-fardamento-em-feira-de-santana","status":"publish","type":"post","link":"https:\/\/atitudenoticias.com.br\/?p=24157","title":{"rendered":"Guarda Municipal passa a receber aux\u00edlio fardamento em Feira de Santana"},"content":{"rendered":"\n<p class=\"has-text-align-center\"><strong><em>A proposta incluiu o benef\u00edcio para os integrantes da Guarda Municipal com a finalidade de aprimorar as condi\u00e7\u00f5es de trabalho<\/em><\/strong><\/p>\n\n\n\n<p>Os profissionais da Guarda Municipal de Feira de Santana j\u00e1 est\u00e3o recebendo o pagamento do aux\u00edlio fardamento. A not\u00edcia \u00e9 do vereador Pedro Am\u00e9rico (Cidadania), que na sess\u00e3o desta quarta-feira (25), da C\u00e2mara Municipal, informou que o valor de R$ 800, estabelecido pelo Decreto n\u00ba 14.285\/2025, j\u00e1 consta no contracheque da categoria.<\/p>\n\n\n\n<p>O parlamentar lembrou que a cria\u00e7\u00e3o do aux\u00edlio fardamento foi autorizada em dezembro do ano passado, quando a Casa Legislativa aprovou o Projeto de Lei Complementar n\u00ba 22\/2025, de iniciativa do Poder Executivo. A proposta incluiu o benef\u00edcio para os integrantes da Guarda Municipal com a finalidade de aprimorar as condi\u00e7\u00f5es de trabalho, assegurando meios adequados para o exerc\u00edcio di\u00e1rio das fun\u00e7\u00f5es.<\/p>\n\n\n\n<p>O aux\u00edlio, segundo ele, garante mais autonomia aos profissionais para aquisi\u00e7\u00e3o e reposi\u00e7\u00e3o das pe\u00e7as do uniforme, evitando dificuldades enfrentadas anteriormente com processos licitat\u00f3rios que, em alguns per\u00edodos, atrasaram a substitui\u00e7\u00e3o do fardamento por anos. \u201c\u00c0s vezes, ficavam at\u00e9 cinco anos sem receberem uma farda nova\u201d, disse Pedro Am\u00e9rico. Por isso, ele avaliou que a medida \u00e9 um avan\u00e7o na valoriza\u00e7\u00e3o da categoria, apesar de ter ressaltado a exist\u00eancia de outras pautas, como progress\u00e3o na carreira e realiza\u00e7\u00e3o de novos concursos p\u00fablicos.<em><strong> (ASCOM\/CMFS)<\/strong><\/em><\/p>\n","protected":false},"excerpt":{"rendered":"<p>A proposta incluiu o benef\u00edcio para os integrantes da Guarda Municipal com a finalidade de&hellip;<\/p>\n","protected":false},"author":2,"featured_media":24158,"comment_status":"open","ping_status":"open","sticky":false,"template":"","format":"standard","meta":{"footnotes":""},"categories":[30],"tags":[],"class_list":["post-24157","post","type-post","status-publish","format-standard","has-post-thumbnail","hentry","category-politica"],"_links":{"self":[{"href":"https:\/\/atitudenoticias.com.br\/index.php?rest_route=\/wp\/v2\/posts\/24157","targetHints":{"allow":["GET"]}}],"collection":[{"href":"https:\/\/atitudenoticias.com.br\/index.php?rest_route=\/wp\/v2\/posts"}],"about":[{"href":"https:\/\/atitudenoticias.com.br\/index.php?rest_route=\/wp\/v2\/types\/post"}],"author":[{"embeddable":true,"href":"https:\/\/atitudenoticias.com.br\/index.php?rest_route=\/wp\/v2\/users\/2"}],"replies":[{"embeddable":true,"href":"https:\/\/atitudenoticias.com.br\/index.php?rest_route=%2Fwp%2Fv2%2Fcomments&post=24157"}],"version-history":[{"count":1,"href":"https:\/\/atitudenoticias.com.br\/index.php?rest_route=\/wp\/v2\/posts\/24157\/revisions"}],"predecessor-version":[{"id":24159,"href":"https:\/\/atitudenoticias.com.br\/index.php?rest_route=\/wp\/v2\/posts\/24157\/revisions\/24159"}],"wp:featuredmedia":[{"embeddable":true,"href":"https:\/\/atitudenoticias.com.br\/index.php?rest_route=\/wp\/v2\/media\/24158"}],"wp:attachment":[{"href":"https:\/\/atitudenoticias.com.br\/index.php?rest_route=%2Fwp%2Fv2%2Fmedia&parent=24157"}],"wp:term":[{"taxonomy":"category","embeddable":true,"href":"https:\/\/atitudenoticias.com.br\/index.php?rest_route=%2Fwp%2Fv2%2Fcategories&post=24157"},{"taxonomy":"post_tag","embeddable":true,"href":"https:\/\/atitudenoticias.com.br\/index.php?rest_route=%2Fwp%2Fv2%2Ftags&post=24157"}],"curies":[{"name":"wp","href":"https:\/\/api.w.org\/{rel}","templated":true}]}}