{"id":24160,"date":"2026-02-26T17:12:36","date_gmt":"2026-02-26T20:12:36","guid":{"rendered":"https:\/\/atitudenoticias.com.br\/?p=24160"},"modified":"2026-02-26T17:12:38","modified_gmt":"2026-02-26T20:12:38","slug":"cerest-de-feira-de-santana-atinge-pontuacao-maxima-em-avaliacao-nacional-do-ministerio-da-saude","status":"publish","type":"post","link":"https:\/\/atitudenoticias.com.br\/?p=24160","title":{"rendered":"CEREST de Feira de Santana atinge pontua\u00e7\u00e3o m\u00e1xima em avalia\u00e7\u00e3o nacional do Minist\u00e9rio da Sa\u00fade"},"content":{"rendered":"\n<p class=\"has-text-align-center\"><em><strong>Resultado nacional confirma desempenho t\u00e9cnico, integra\u00e7\u00e3o da rede e avan\u00e7o na prote\u00e7\u00e3o \u00e0 sa\u00fade dos trabalhadores<\/strong><\/em><\/p>\n\n\n\n<p>O Centro de Refer\u00eancia em Sa\u00fade do Trabalhador de Feira de Santana (CEREST) alcan\u00e7ou a pontua\u00e7\u00e3o m\u00e1xima na Avalia\u00e7\u00e3o Nacional do Programa de Qualifica\u00e7\u00e3o da Rede Nacional de Aten\u00e7\u00e3o Integral \u00e0 Sa\u00fade do Trabalhador (RENAST), iniciativa do Minist\u00e9rio da Sa\u00fade. No ciclo avaliativo, a unidade cumpriu integralmente os 12 crit\u00e9rios previstos, atingindo 100% do desempenho e 160 pontos no painel oficial.<\/p>\n\n\n\n<p>A avalia\u00e7\u00e3o nacional analisa requisitos t\u00e9cnicos e estruturais que envolvem a organiza\u00e7\u00e3o dos processos de trabalho, a qualifica\u00e7\u00e3o das equipes, a Vigil\u00e2ncia em Sa\u00fade do Trabalhador, o apoio matricial \u00e0 rede de servi\u00e7os, al\u00e9m de a\u00e7\u00f5es educativas, planejamento, monitoramento, registro de informa\u00e7\u00f5es e articula\u00e7\u00e3o intersetorial. Trata-se de um instrumento objetivo, baseado em crit\u00e9rios e evid\u00eancias, que valoriza resultados concretos e verific\u00e1veis.<\/p>\n\n\n\n<p>O desempenho do CEREST de Feira de Santana evidencia o fortalecimento das a\u00e7\u00f5es de Sa\u00fade do Trabalhador no munic\u00edpio e a atua\u00e7\u00e3o integrada com a Aten\u00e7\u00e3o Prim\u00e1ria, Vigil\u00e2ncia Epidemiol\u00f3gica, Vigil\u00e2ncia Sanit\u00e1ria e demais pontos da rede assistencial, ampliando a capacidade de preven\u00e7\u00e3o, promo\u00e7\u00e3o e cuidado direcionados \u00e0 popula\u00e7\u00e3o trabalhadora.<\/p>\n\n\n\n<p>Para o secret\u00e1rio municipal de sa\u00fade, Rodrigo Matos, a conquista traduz a seriedade do trabalho realizado e o esfor\u00e7o de gest\u00e3o para qualificar a rede. \u201cEsse resultado \u00e9 fruto de trabalho s\u00e9rio, planejamento e compromisso di\u00e1rio. Indicadores consistentes n\u00e3o aparecem por acaso. Eles s\u00e3o constru\u00eddos com m\u00e9todo, com equipe e com gest\u00e3o. Quero parabenizar toda a equipe do CEREST e, de forma especial, a nossa Vigil\u00e2ncia em Sa\u00fade, que tem sido fundamental para avan\u00e7armos com a\u00e7\u00f5es mais integradas, mais t\u00e9cnicas e com foco em resultados\u201d, afirmou.<\/p>\n\n\n\n<p>Ele observa ainda que existem desafios hist\u00f3ricos a serem enfrentados na pol\u00edtica de Sa\u00fade do Trabalhador, mas destaca que \u00e9 importante comemorar um resultado t\u00e3o expressivo, que refor\u00e7a o caminho adotado: gest\u00e3o orientada por evid\u00eancias, monitoramento cont\u00ednuo e melhoria permanente dos processos.<\/p>\n\n\n\n<p>&#8220;Mais do que um reconhecimento institucional, a pontua\u00e7\u00e3o m\u00e1xima reafirma o compromisso do munic\u00edpio com a prote\u00e7\u00e3o da sa\u00fade dos trabalhadores e trabalhadoras, com a qualifica\u00e7\u00e3o das pr\u00e1ticas e com a constru\u00e7\u00e3o de ambientes de trabalho mais seguros e saud\u00e1veis&#8221;, afirma Rodrigo Matos<em><strong>. (SECOM\/PMFS)<\/strong><\/em><\/p>\n","protected":false},"excerpt":{"rendered":"<p>Resultado nacional confirma desempenho t\u00e9cnico, integra\u00e7\u00e3o da rede e avan\u00e7o na prote\u00e7\u00e3o \u00e0 sa\u00fade dos&hellip;<\/p>\n","protected":false},"author":2,"featured_media":24161,"comment_status":"open","ping_status":"open","sticky":false,"template":"","format":"standard","meta":{"footnotes":""},"categories":[58],"tags":[],"class_list":["post-24160","post","type-post","status-publish","format-standard","has-post-thumbnail","hentry","category-feira-de-santana"],"_links":{"self":[{"href":"https:\/\/atitudenoticias.com.br\/index.php?rest_route=\/wp\/v2\/posts\/24160","targetHints":{"allow":["GET"]}}],"collection":[{"href":"https:\/\/atitudenoticias.com.br\/index.php?rest_route=\/wp\/v2\/posts"}],"about":[{"href":"https:\/\/atitudenoticias.com.br\/index.php?rest_route=\/wp\/v2\/types\/post"}],"author":[{"embeddable":true,"href":"https:\/\/atitudenoticias.com.br\/index.php?rest_route=\/wp\/v2\/users\/2"}],"replies":[{"embeddable":true,"href":"https:\/\/atitudenoticias.com.br\/index.php?rest_route=%2Fwp%2Fv2%2Fcomments&post=24160"}],"version-history":[{"count":1,"href":"https:\/\/atitudenoticias.com.br\/index.php?rest_route=\/wp\/v2\/posts\/24160\/revisions"}],"predecessor-version":[{"id":24162,"href":"https:\/\/atitudenoticias.com.br\/index.php?rest_route=\/wp\/v2\/posts\/24160\/revisions\/24162"}],"wp:featuredmedia":[{"embeddable":true,"href":"https:\/\/atitudenoticias.com.br\/index.php?rest_route=\/wp\/v2\/media\/24161"}],"wp:attachment":[{"href":"https:\/\/atitudenoticias.com.br\/index.php?rest_route=%2Fwp%2Fv2%2Fmedia&parent=24160"}],"wp:term":[{"taxonomy":"category","embeddable":true,"href":"https:\/\/atitudenoticias.com.br\/index.php?rest_route=%2Fwp%2Fv2%2Fcategories&post=24160"},{"taxonomy":"post_tag","embeddable":true,"href":"https:\/\/atitudenoticias.com.br\/index.php?rest_route=%2Fwp%2Fv2%2Ftags&post=24160"}],"curies":[{"name":"wp","href":"https:\/\/api.w.org\/{rel}","templated":true}]}}