{"id":24163,"date":"2026-02-26T17:54:35","date_gmt":"2026-02-26T20:54:35","guid":{"rendered":"https:\/\/atitudenoticias.com.br\/?p=24163"},"modified":"2026-02-26T17:54:37","modified_gmt":"2026-02-26T20:54:37","slug":"incra-reconhece-21-mil-familias-quilombolas-na-bahia-inclusas-na-reforma-agraria","status":"publish","type":"post","link":"https:\/\/atitudenoticias.com.br\/?p=24163","title":{"rendered":"Incra reconhece 2,1 mil fam\u00edlias quilombolas na Bahia inclusas na reforma agr\u00e1ria"},"content":{"rendered":"\n<p class=\"has-text-align-center\"><em><strong>Um total de 2.117 fam\u00edlias remanescentes de quilombo na Bahia foi reconhecido para fins de acesso \u00e0s pol\u00edticas p\u00fablicas do Programa Nacional de Reforma Agr\u00e1ria (PNRA), que incluem as modalidades do Cr\u00e9dito Instala\u00e7\u00e3o do Incra e a\u00e7\u00f5es de infraestrutura.<\/strong><\/em><\/p>\n\n\n\n<p>A&nbsp;<a href=\"https:\/\/www.in.gov.br\/en\/web\/dou\/-\/portaria-n-1.542-de-29-de-dezembro-de-2025-688959518\" target=\"_blank\" rel=\"noreferrer noopener\">portaria<\/a>&nbsp;com a decis\u00e3o &#8211; publicada em 26 de fevereiro, no Di\u00e1rio Oficial da Uni\u00e3o (DOU) &#8211; contempla fam\u00edlias de 13 territ\u00f3rios quilombolas localizados em nove munic\u00edpios do estado.<\/p>\n\n\n\n<p>A medida autoriza o in\u00edcio do processo de sele\u00e7\u00e3o dessas fam\u00edlias por meio da Plataforma de Governan\u00e7a Territorial (PGT), etapa necess\u00e1ria para que possam ser inclu\u00eddas nas a\u00e7\u00f5es do programa, sendo a primeira fase realizada digitalmente com consultas em bancos de dados governamentais.<\/p>\n\n\n\n<p>A sele\u00e7\u00e3o \u00e9 realizada entre fam\u00edlias quilombolas, inscritas no Cadastro \u00danico para Programas Sociais do Governo Federal (Cad\u00danico), conforme os crit\u00e9rios estabelecidos no programa de reforma agr\u00e1ria.<\/p>\n\n\n\n<p><strong>Comunidades<\/strong><\/p>\n\n\n\n<p>Os maiores quantitativos de fam\u00edlias reconhecidas est\u00e3o em Cachoeira, com 676 fam\u00edlias em quatro comunidades, e em Itagua\u00e7u da Bahia, com 658 fam\u00edlias em um \u00fanico territ\u00f3rio. J\u00e1 Cruz das Almas re\u00fane 277 fam\u00edlias distribu\u00eddas em duas comunidades.<\/p>\n\n\n\n<p>Nos demais seis munic\u00edpios h\u00e1 uma comunidade em cada munic\u00edpio: Nova Vi\u00e7osa, com 79 fam\u00edlias; S\u00e3o Gon\u00e7alo dos Campos, com 30; Camamu, com 73; Irar\u00e1, com 182; Mata de S\u00e3o Jo\u00e3o, com 98; e Itamb\u00e9, com 42.<\/p>\n\n\n\n<p><em><strong>(Tribuna da Bahia)<\/strong><\/em><\/p>\n\n\n\n<p><\/p>\n","protected":false},"excerpt":{"rendered":"<p>Um total de 2.117 fam\u00edlias remanescentes de quilombo na Bahia foi reconhecido para fins de&hellip;<\/p>\n","protected":false},"author":2,"featured_media":24164,"comment_status":"open","ping_status":"open","sticky":false,"template":"","format":"standard","meta":{"footnotes":""},"categories":[22],"tags":[],"class_list":["post-24163","post","type-post","status-publish","format-standard","has-post-thumbnail","hentry","category-bahia"],"_links":{"self":[{"href":"https:\/\/atitudenoticias.com.br\/index.php?rest_route=\/wp\/v2\/posts\/24163","targetHints":{"allow":["GET"]}}],"collection":[{"href":"https:\/\/atitudenoticias.com.br\/index.php?rest_route=\/wp\/v2\/posts"}],"about":[{"href":"https:\/\/atitudenoticias.com.br\/index.php?rest_route=\/wp\/v2\/types\/post"}],"author":[{"embeddable":true,"href":"https:\/\/atitudenoticias.com.br\/index.php?rest_route=\/wp\/v2\/users\/2"}],"replies":[{"embeddable":true,"href":"https:\/\/atitudenoticias.com.br\/index.php?rest_route=%2Fwp%2Fv2%2Fcomments&post=24163"}],"version-history":[{"count":1,"href":"https:\/\/atitudenoticias.com.br\/index.php?rest_route=\/wp\/v2\/posts\/24163\/revisions"}],"predecessor-version":[{"id":24165,"href":"https:\/\/atitudenoticias.com.br\/index.php?rest_route=\/wp\/v2\/posts\/24163\/revisions\/24165"}],"wp:featuredmedia":[{"embeddable":true,"href":"https:\/\/atitudenoticias.com.br\/index.php?rest_route=\/wp\/v2\/media\/24164"}],"wp:attachment":[{"href":"https:\/\/atitudenoticias.com.br\/index.php?rest_route=%2Fwp%2Fv2%2Fmedia&parent=24163"}],"wp:term":[{"taxonomy":"category","embeddable":true,"href":"https:\/\/atitudenoticias.com.br\/index.php?rest_route=%2Fwp%2Fv2%2Fcategories&post=24163"},{"taxonomy":"post_tag","embeddable":true,"href":"https:\/\/atitudenoticias.com.br\/index.php?rest_route=%2Fwp%2Fv2%2Ftags&post=24163"}],"curies":[{"name":"wp","href":"https:\/\/api.w.org\/{rel}","templated":true}]}}