{"id":24174,"date":"2026-02-27T11:11:13","date_gmt":"2026-02-27T14:11:13","guid":{"rendered":"https:\/\/atitudenoticias.com.br\/?p=24174"},"modified":"2026-02-27T17:42:30","modified_gmt":"2026-02-27T20:42:30","slug":"primeira-reuniao-do-conselho-de-cultura-destaca-balanco-de-2025-e-planejamento-para-2026","status":"publish","type":"post","link":"https:\/\/atitudenoticias.com.br\/?p=24174","title":{"rendered":"Primeira reuni\u00e3o do Conselho de Cultura destaca balan\u00e7o de 2025 e planejamento para 2026"},"content":{"rendered":"\n<p class=\"has-text-align-center\"><em><strong>O secret\u00e1riode Cultura, Cristiano L\u00f4bo, ressaltou a import\u00e2ncia do espa\u00e7o como instrumento de participa\u00e7\u00e3o social e constru\u00e7\u00e3o coletiva<\/strong><\/em><\/p>\n\n\n\n<p>Foi realizada na tarde desta quinta-feira (26) a primeira reuni\u00e3o do Conselho Municipal de Cultura (CMC) em 2026, no Teatro Margarida Ribeiro, reunindo representantes do poder p\u00fablico e da sociedade civil para discutir pautas estrat\u00e9gicas voltadas ao fortalecimento da cultura no munic\u00edpio.<\/p>\n\n\n\n<p>O encontro marcou o in\u00edcio das atividades do Conselho este ano e teve como foco a organiza\u00e7\u00e3o interna e o alinhamento das a\u00e7\u00f5es previstas para o ano. Entre os pontos abordados estiveram informes gerais, o Pr\u00f3-Cultura\/Esporte, o Programa Arte de Viver, as comiss\u00f5es do CMC e o andamento do 2\u00ba ciclo da Pol\u00edtica Nacional Aldir Blanc (PNAB). Tamb\u00e9m foi realizada a escolha da nova secret\u00e1ria do Conselho, Sabrina Assun\u00e7\u00e3o.<\/p>\n\n\n\n<p>Durante a reuni\u00e3o, a equipe da Secretaria Municipal de Cultura, Esporte e Lazer (Secel) apresentou, de forma sucinta, o Relat\u00f3rio de Atividades de 2025 no \u00e2mbito cultural, com o balan\u00e7o das a\u00e7\u00f5es desenvolvidas ao longo do ano, al\u00e9m do planejamento de iniciativas previstas para 2026.<\/p>\n\n\n\n<p>O secret\u00e1rio municipal de Cultura, Esporte e Lazer, Cristiano L\u00f4bo, ressaltou a import\u00e2ncia do espa\u00e7o como instrumento de participa\u00e7\u00e3o social e constru\u00e7\u00e3o coletiva. \u201cO Conselho \u00e9 um ambiente essencial de di\u00e1logo. A apresenta\u00e7\u00e3o do relat\u00f3rio e do planejamento refor\u00e7a nosso compromisso com a transpar\u00eancia e com uma gest\u00e3o constru\u00edda de forma coletiva, ouvindo a classe art\u00edstica e planejando o futuro da cultura do nosso munic\u00edpio\u201d, destacou.<\/p>\n\n\n\n<p>Ele tamb\u00e9m enfatizou que o alinhamento entre gest\u00e3o e representantes da sociedade civil \u00e9 fundamental para garantir mais efetividade \u00e0s pol\u00edticas p\u00fablicas e ampliar as oportunidades no setor cultural.<\/p>\n\n\n\n<p>Eleita para a fun\u00e7\u00e3o de secret\u00e1ria do CMC, Sabrina Assun\u00e7\u00e3o destacou a responsabilidade da nova etapa. \u201cAssumo essa miss\u00e3o com o compromisso de contribuir para um Conselho cada vez mais participativo e representativo. Nosso papel \u00e9 assegurar que as demandas da classe cultural sejam debatidas com seriedade e encaminhadas de forma concreta\u201d, afirmou.<\/p>\n\n\n\n<p>A reuni\u00e3o refor\u00e7a o papel do CMC como inst\u00e2ncia de delibera\u00e7\u00e3o e acompanhamento das pol\u00edticas culturais, consolidando a import\u00e2ncia da coletividade na constru\u00e7\u00e3o de a\u00e7\u00f5es que valorizem e impulsionem a cultura em Feira de Santana. <em><strong>(SECOM\/PMFS)<\/strong><\/em><\/p>\n","protected":false},"excerpt":{"rendered":"<p>O secret\u00e1riode Cultura, Cristiano L\u00f4bo, ressaltou a import\u00e2ncia do espa\u00e7o como instrumento de participa\u00e7\u00e3o social&hellip;<\/p>\n","protected":false},"author":2,"featured_media":24175,"comment_status":"open","ping_status":"open","sticky":false,"template":"","format":"standard","meta":{"footnotes":""},"categories":[68,58],"tags":[],"class_list":["post-24174","post","type-post","status-publish","format-standard","has-post-thumbnail","hentry","category-cultura","category-feira-de-santana"],"_links":{"self":[{"href":"https:\/\/atitudenoticias.com.br\/index.php?rest_route=\/wp\/v2\/posts\/24174","targetHints":{"allow":["GET"]}}],"collection":[{"href":"https:\/\/atitudenoticias.com.br\/index.php?rest_route=\/wp\/v2\/posts"}],"about":[{"href":"https:\/\/atitudenoticias.com.br\/index.php?rest_route=\/wp\/v2\/types\/post"}],"author":[{"embeddable":true,"href":"https:\/\/atitudenoticias.com.br\/index.php?rest_route=\/wp\/v2\/users\/2"}],"replies":[{"embeddable":true,"href":"https:\/\/atitudenoticias.com.br\/index.php?rest_route=%2Fwp%2Fv2%2Fcomments&post=24174"}],"version-history":[{"count":1,"href":"https:\/\/atitudenoticias.com.br\/index.php?rest_route=\/wp\/v2\/posts\/24174\/revisions"}],"predecessor-version":[{"id":24176,"href":"https:\/\/atitudenoticias.com.br\/index.php?rest_route=\/wp\/v2\/posts\/24174\/revisions\/24176"}],"wp:featuredmedia":[{"embeddable":true,"href":"https:\/\/atitudenoticias.com.br\/index.php?rest_route=\/wp\/v2\/media\/24175"}],"wp:attachment":[{"href":"https:\/\/atitudenoticias.com.br\/index.php?rest_route=%2Fwp%2Fv2%2Fmedia&parent=24174"}],"wp:term":[{"taxonomy":"category","embeddable":true,"href":"https:\/\/atitudenoticias.com.br\/index.php?rest_route=%2Fwp%2Fv2%2Fcategories&post=24174"},{"taxonomy":"post_tag","embeddable":true,"href":"https:\/\/atitudenoticias.com.br\/index.php?rest_route=%2Fwp%2Fv2%2Ftags&post=24174"}],"curies":[{"name":"wp","href":"https:\/\/api.w.org\/{rel}","templated":true}]}}