{"id":24180,"date":"2026-02-27T17:41:21","date_gmt":"2026-02-27T20:41:21","guid":{"rendered":"https:\/\/atitudenoticias.com.br\/?p=24180"},"modified":"2026-02-27T17:41:23","modified_gmt":"2026-02-27T20:41:23","slug":"bahia-intensifica-vigilancia-contra-sarampo-e-rubeola-com-mobilizacao-do-dia-s","status":"publish","type":"post","link":"https:\/\/atitudenoticias.com.br\/?p=24180","title":{"rendered":"Bahia intensifica vigil\u00e2ncia contra sarampo e rub\u00e9ola com mobiliza\u00e7\u00e3o do Dia \u201cS\u201d\u00a0"},"content":{"rendered":"\n<p class=\"has-text-align-center\"><strong><em>A iniciativa permite avaliar a sensibilidade do sistema de vigil\u00e2ncia epidemiol\u00f3gica e assegurar que poss\u00edveis casos sejam detectados e investigados em tempo oportuno.<\/em><\/strong><\/p>\n\n\n\n<p>A Secretaria da Sa\u00fade do Estado da Bahia (Sesab), por meio da Diretoria de Vigil\u00e2ncia Epidemiol\u00f3gica (Divep), d\u00e1 in\u00edcio \u00e0 estrat\u00e9gia estadual de vigil\u00e2ncia ativa para detec\u00e7\u00e3o de sarampo e rub\u00e9ola, dentro da mobiliza\u00e7\u00e3o nacional do 5\u00ba Dia \u201cS\u201d de Busca Ativa de Doen\u00e7as Exantem\u00e1ticas, promovida pelo Minist\u00e9rio da Sa\u00fade. O Dia \u201cS\u201d ser\u00e1 realizado em 5 de mar\u00e7o de 2026, com execu\u00e7\u00e3o das atividades entre os dias 5 e 15 de mar\u00e7o, envolvendo equipes municipais de sa\u00fade em todo o estado.<\/p>\n\n\n\n<p>A Bahia tem se destacado nacionalmente na execu\u00e7\u00e3o da estrat\u00e9gia. No Dia \u201cS\u201d realizado em 2025, 359 munic\u00edpios (86%) realizaram a Busca Ativa Institucional e 295 munic\u00edpios (70,7%) executaram a Busca Ativa Comunit\u00e1ria, com a revis\u00e3o de mais de 1,1 milh\u00e3o de registros em servi\u00e7os de sa\u00fade.<\/p>\n\n\n\n<p>A a\u00e7\u00e3o tem como objetivo refor\u00e7ar a vigil\u00e2ncia epidemiol\u00f3gica e garantir a manuten\u00e7\u00e3o do status do Brasil como pa\u00eds livre do sarampo e da rub\u00e9ola, por meio da identifica\u00e7\u00e3o oportuna de casos suspeitos e do fortalecimento da capacidade de resposta dos servi\u00e7os de sa\u00fade.<\/p>\n\n\n\n<p>A busca ativa \u00e9 uma estrat\u00e9gia de vigil\u00e2ncia em sa\u00fade que consiste na identifica\u00e7\u00e3o de casos suspeitos, inclusive entre pessoas que n\u00e3o procuraram atendimento m\u00e9dico ou que passaram pelos servi\u00e7os de sa\u00fade sem notifica\u00e7\u00e3o adequada. A iniciativa permite avaliar a sensibilidade do sistema de vigil\u00e2ncia epidemiol\u00f3gica e assegurar que poss\u00edveis casos sejam detectados e investigados em tempo oportuno.<\/p>\n\n\n\n<p><strong>Durante a mobiliza\u00e7\u00e3o, ser\u00e3o realizadas tr\u00eas modalidades de busca ativa:<\/strong><\/p>\n\n\n\n<p>Busca Ativa Institucional (BAI) \u2013 revis\u00e3o de prontu\u00e1rios, fichas e registros em unidades p\u00fablicas e privadas de sa\u00fade;<\/p>\n\n\n\n<p>Busca Ativa Comunit\u00e1ria (BAC) \u2013 visitas domiciliares e a\u00e7\u00f5es em escolas, creches, igrejas e outros espa\u00e7os comunit\u00e1rios;<\/p>\n\n\n\n<p>Busca Ativa Laboratorial (BAL) \u2013 an\u00e1lise, pelo Lacen, de amostras laboratoriais investigadas para arboviroses, ampliando a detec\u00e7\u00e3o de casos suspeitos.<\/p>\n\n\n\n<p>Apesar de o estado da Bahia manter a elimina\u00e7\u00e3o do sarampo e da rub\u00e9ola, a vigil\u00e2ncia permanece essencial diante da redu\u00e7\u00e3o das coberturas vacinais e do aumento de casos em outros pa\u00edses, fatores que elevam o risco de reintrodu\u00e7\u00e3o dos v\u00edrus.<\/p>\n\n\n\n<p>A Sesab refor\u00e7a que a participa\u00e7\u00e3o da popula\u00e7\u00e3o \u00e9 fundamental. Devem procurar imediatamente uma unidade de sa\u00fade as pessoas que apresentarem sintomas caracter\u00edsticos do sarampo, como febre, manchas vermelhas pelo corpo, tosse, coriza e olhos vermelhos, comuns na conjuntivite. J\u00e1 os sintomas da rub\u00e9ola incluem febre e manchas no corpo, acompanhadas de aumento dos g\u00e2nglios. A detec\u00e7\u00e3o precoce \u00e9 a principal estrat\u00e9gia para prevenir surtos e proteger a popula\u00e7\u00e3o baiana.<\/p>\n\n\n\n<p><strong><em>(Tribuna da Bahia)<\/em><\/strong><\/p>\n\n\n\n<p><\/p>\n","protected":false},"excerpt":{"rendered":"<p>A iniciativa permite avaliar a sensibilidade do sistema de vigil\u00e2ncia epidemiol\u00f3gica e assegurar que poss\u00edveis&hellip;<\/p>\n","protected":false},"author":2,"featured_media":3626,"comment_status":"open","ping_status":"open","sticky":false,"template":"","format":"standard","meta":{"footnotes":""},"categories":[22,25],"tags":[],"class_list":["post-24180","post","type-post","status-publish","format-standard","has-post-thumbnail","hentry","category-bahia","category-saude"],"_links":{"self":[{"href":"https:\/\/atitudenoticias.com.br\/index.php?rest_route=\/wp\/v2\/posts\/24180","targetHints":{"allow":["GET"]}}],"collection":[{"href":"https:\/\/atitudenoticias.com.br\/index.php?rest_route=\/wp\/v2\/posts"}],"about":[{"href":"https:\/\/atitudenoticias.com.br\/index.php?rest_route=\/wp\/v2\/types\/post"}],"author":[{"embeddable":true,"href":"https:\/\/atitudenoticias.com.br\/index.php?rest_route=\/wp\/v2\/users\/2"}],"replies":[{"embeddable":true,"href":"https:\/\/atitudenoticias.com.br\/index.php?rest_route=%2Fwp%2Fv2%2Fcomments&post=24180"}],"version-history":[{"count":1,"href":"https:\/\/atitudenoticias.com.br\/index.php?rest_route=\/wp\/v2\/posts\/24180\/revisions"}],"predecessor-version":[{"id":24181,"href":"https:\/\/atitudenoticias.com.br\/index.php?rest_route=\/wp\/v2\/posts\/24180\/revisions\/24181"}],"wp:featuredmedia":[{"embeddable":true,"href":"https:\/\/atitudenoticias.com.br\/index.php?rest_route=\/wp\/v2\/media\/3626"}],"wp:attachment":[{"href":"https:\/\/atitudenoticias.com.br\/index.php?rest_route=%2Fwp%2Fv2%2Fmedia&parent=24180"}],"wp:term":[{"taxonomy":"category","embeddable":true,"href":"https:\/\/atitudenoticias.com.br\/index.php?rest_route=%2Fwp%2Fv2%2Fcategories&post=24180"},{"taxonomy":"post_tag","embeddable":true,"href":"https:\/\/atitudenoticias.com.br\/index.php?rest_route=%2Fwp%2Fv2%2Ftags&post=24180"}],"curies":[{"name":"wp","href":"https:\/\/api.w.org\/{rel}","templated":true}]}}