{"id":24183,"date":"2026-02-28T19:43:09","date_gmt":"2026-02-28T22:43:09","guid":{"rendered":"https:\/\/atitudenoticias.com.br\/?p=24183"},"modified":"2026-03-01T19:43:39","modified_gmt":"2026-03-01T22:43:39","slug":"mesmo-com-chuva-pesca-solidaria-garante-mais-de-200-kg-de-peixes","status":"publish","type":"post","link":"https:\/\/atitudenoticias.com.br\/?p=24183","title":{"rendered":"Mesmo com chuva, Pesca Solid\u00e1ria garante mais de 200 kg de peixes"},"content":{"rendered":"\n<p class=\"has-text-align-center\"><em><strong>Neste ano, n\u00e3o foi permitida a pesca dos tambaquis, gigantes que facilmente ultrapassam os 20 quilos<\/strong><\/em><\/p>\n\n\n\n<p>A chuva que caiu na manh\u00e3 deste s\u00e1bado, em Feira de Santana, influenciou os resultados da Pesca Solid\u00e1ria, realizada na lagoa do Parque Erivaldo Cerqueira. Entretanto, os mais de 200 quilos de peixes capturados foram comemorados, dadas as condi\u00e7\u00f5es clim\u00e1ticas.<\/p>\n\n\n\n<p>Os peixes, explica Jo\u00e3o Dias, do Departamento de Educa\u00e7\u00e3o Ambiental da Secretaria de Meio Ambiente, n\u00e3o saem das tocas para se alimentar quando chove. \u201cA chegada de novas \u00e1guas esfria momentaneamente o lago e altera as condi\u00e7\u00f5es qu\u00edmicas, o que interfere na circula\u00e7\u00e3o dos peixes.\u201d<\/p>\n\n\n\n<p>O secret\u00e1rio de Servi\u00e7os P\u00fablicos, Justiniano Fran\u00e7a, disse que os resultados n\u00e3o foram os esperados, mas que v\u00e3o atender \u00e0s necessidades das institui\u00e7\u00f5es beneficiadas com prote\u00edna animal por alguns dias. \u201cO importante \u00e9 que as pessoas atendidas v\u00e3o complementar sua alimenta\u00e7\u00e3o com o peixe aqui pescado.\u201d<\/p>\n\n\n\n<p>Ele tamb\u00e9m afirmou que, em conjunto com a Semmam, vai planejar a realiza\u00e7\u00e3o de mais um dia de despesca no pr\u00f3ximo m\u00eas, para que a meta seja alcan\u00e7ada. O esperado eram 500 quilos. \u201cSe tivermos um dia de sol, vamos recuperar, e o peixe ser\u00e1 servido na Semana Santa.\u201d<\/p>\n\n\n\n<p>Neste ano, n\u00e3o foi permitida a pesca dos tambaquis, gigantes que facilmente ultrapassam os 20 quilos e se tornaram grandes atra\u00e7\u00f5es do Parque da Lagoa. Mais de 95% dos peixes capturados s\u00e3o da esp\u00e9cie til\u00e1pia, e o restante, tra\u00edra. Na lagoa tamb\u00e9m vivem tucunar\u00e9s, que n\u00e3o foram capturados.<\/p>\n\n\n\n<p>O diretor do Departamento de Parques e Jardins, Jo\u00e3o Falc\u00e3o, que administra o parque, disse que, para que a despesca fosse autorizada, a \u00e1gua foi analisada e todos os seus \u00edndices est\u00e3o dentro da normalidade. \u201cVer como est\u00e1 a \u00e1gua \u00e9 procedimento obrigat\u00f3rio.\u201d<\/p>\n\n\n\n<p>Os mais de 50 quilos recebidos pela Comunidade Terap\u00eautica Nova Vida, segundo Jacivan Oliveira, garantir\u00e3o prote\u00edna animal em pelo menos quatro almo\u00e7os para 84 internos. \u201c\u00c9 uma ajuda grande e sempre chega em boa hora.\u201d Todos foram orientados a cozinhar ou fritar os peixes.<\/p>\n\n\n\n<p>Receberam as doa\u00e7\u00f5es a AAPC, que oferece hospedagem para pacientes em tratamento de c\u00e2ncer e seus familiares; o Dispens\u00e1rio Santana; a AFAS; o Lar do Irm\u00e3o Velho, que atende idosos; e a Associa\u00e7\u00e3o Nacional Crist\u00e3, mais uma institui\u00e7\u00e3o que acolhe mulheres e filhos v\u00edtimas de viol\u00eancia e amea\u00e7as praticadas por maridos ou familiares.<\/p>\n\n\n\n<p>Luan Santos, um dos 40 inscritos para a pesca, disse que unir lazer e solidariedade torna a atividade ainda mais prazerosa. \u201cA gente se sente melhor quando sabe que os peixes v\u00e3o para a mesa de institui\u00e7\u00f5es de caridade. J\u00e1 perdi a conta de quantos fisguei.\u201d <em><strong>(SECOM\/PMFS)<\/strong><\/em><\/p>\n","protected":false},"excerpt":{"rendered":"<p>Neste ano, n\u00e3o foi permitida a pesca dos tambaquis, gigantes que facilmente ultrapassam os 20&hellip;<\/p>\n","protected":false},"author":2,"featured_media":24184,"comment_status":"open","ping_status":"open","sticky":false,"template":"","format":"standard","meta":{"footnotes":""},"categories":[58],"tags":[],"class_list":["post-24183","post","type-post","status-publish","format-standard","has-post-thumbnail","hentry","category-feira-de-santana"],"_links":{"self":[{"href":"https:\/\/atitudenoticias.com.br\/index.php?rest_route=\/wp\/v2\/posts\/24183","targetHints":{"allow":["GET"]}}],"collection":[{"href":"https:\/\/atitudenoticias.com.br\/index.php?rest_route=\/wp\/v2\/posts"}],"about":[{"href":"https:\/\/atitudenoticias.com.br\/index.php?rest_route=\/wp\/v2\/types\/post"}],"author":[{"embeddable":true,"href":"https:\/\/atitudenoticias.com.br\/index.php?rest_route=\/wp\/v2\/users\/2"}],"replies":[{"embeddable":true,"href":"https:\/\/atitudenoticias.com.br\/index.php?rest_route=%2Fwp%2Fv2%2Fcomments&post=24183"}],"version-history":[{"count":1,"href":"https:\/\/atitudenoticias.com.br\/index.php?rest_route=\/wp\/v2\/posts\/24183\/revisions"}],"predecessor-version":[{"id":24185,"href":"https:\/\/atitudenoticias.com.br\/index.php?rest_route=\/wp\/v2\/posts\/24183\/revisions\/24185"}],"wp:featuredmedia":[{"embeddable":true,"href":"https:\/\/atitudenoticias.com.br\/index.php?rest_route=\/wp\/v2\/media\/24184"}],"wp:attachment":[{"href":"https:\/\/atitudenoticias.com.br\/index.php?rest_route=%2Fwp%2Fv2%2Fmedia&parent=24183"}],"wp:term":[{"taxonomy":"category","embeddable":true,"href":"https:\/\/atitudenoticias.com.br\/index.php?rest_route=%2Fwp%2Fv2%2Fcategories&post=24183"},{"taxonomy":"post_tag","embeddable":true,"href":"https:\/\/atitudenoticias.com.br\/index.php?rest_route=%2Fwp%2Fv2%2Ftags&post=24183"}],"curies":[{"name":"wp","href":"https:\/\/api.w.org\/{rel}","templated":true}]}}