{"id":24186,"date":"2026-03-01T19:50:59","date_gmt":"2026-03-01T22:50:59","guid":{"rendered":"https:\/\/atitudenoticias.com.br\/?p=24186"},"modified":"2026-03-01T19:51:00","modified_gmt":"2026-03-01T22:51:00","slug":"catolicos-mostram-sua-fe-na-caminhada-do-perdao","status":"publish","type":"post","link":"https:\/\/atitudenoticias.com.br\/?p=24186","title":{"rendered":"Cat\u00f3licos mostram sua f\u00e9 na Caminhada do Perd\u00e3o"},"content":{"rendered":"\n<p class=\"has-text-align-center\"><em><strong>Trata-se de um evento religioso repleto de significados, como fazer o percurso descal\u00e7o ou ser um dos carregadores da grande cruz<\/strong><\/em><\/p>\n\n\n\n<p>Caminhando em sil\u00eancio, de forma introspectiva, cantando ou rezando, milhares de cat\u00f3licos de Feira de Santana e de v\u00e1rias cidades da regi\u00e3o participaram da Caminhada do Perd\u00e3o, realizada pela 12\u00aa vez no munic\u00edpio, na manh\u00e3 deste domingo, 1\u00ba de mar\u00e7o.<\/p>\n\n\n\n<p>Foram v\u00e1rias as demonstra\u00e7\u00f5es de f\u00e9 crist\u00e3 durante o trajeto, que come\u00e7ou no Santu\u00e1rio de Santo Ant\u00f4nio, na Avenida Presidente Dutra, passou pelo Santu\u00e1rio Senhor dos Passos e foi encerrado na Pra\u00e7a Padre Ov\u00eddio, onde o arcebispo dom Zanoni concedeu a b\u00ean\u00e7\u00e3o final.<\/p>\n\n\n\n<p>Trata-se de um evento religioso repleto de significados, como fazer o percurso descal\u00e7o ou ser um dos carregadores da grande cruz, cujo espa\u00e7o \u00e9 disputado cent\u00edmetro a cent\u00edmetro pelos fi\u00e9is. \u201cD\u00ea um toque na cruz\u201d, gritou um homem para um jovem.<\/p>\n\n\n\n<p>Dona Nilza Maria, que mora no distrito de Tiquaru\u00e7u, rezou, de joelhos no asfalto, um dos cinco mist\u00e9rios do ter\u00e7o, diante da cruz, no cruzamento das avenidas Maria Quit\u00e9ria e Presidente Dutra. \u201cTemos que ter n\u00e3o apenas f\u00e9, mas tamb\u00e9m sermos humildes e ajudar o pr\u00f3ximo.\u201d<\/p>\n\n\n\n<p>Dom Zanoni afirmou que a Caminhada \u00e9 uma peregrina\u00e7\u00e3o quaresmal, per\u00edodo que deve ser observado nos 40 dias que antecedem o Domingo de P\u00e1scoa. \u201cS\u00e3o momentos de convers\u00e3o, perd\u00e3o e ora\u00e7\u00e3o.\u201d<\/p>\n\n\n\n<p>P\u00e1roco da Igreja de S\u00e3o Jos\u00e9 das Itapororocas, padre Zorimar disse ser uma b\u00ean\u00e7\u00e3o participar da Caminhada do Perd\u00e3o. \u201cO que se v\u00ea s\u00e3o demonstra\u00e7\u00f5es de f\u00e9 e penit\u00eancia durante todo o percurso.\u201d<\/p>\n\n\n\n<p>O prefeito Jos\u00e9 Ronaldo afirmou que a multid\u00e3o, por si s\u00f3, explica a import\u00e2ncia do evento para a f\u00e9 cat\u00f3lica. \u201cQuando milhares de pessoas se unem em ora\u00e7\u00e3o, em demonstra\u00e7\u00e3o de f\u00e9, n\u00e3o h\u00e1 como definir estas horas a n\u00e3o ser como uma grande b\u00ean\u00e7\u00e3o. A energia \u00e9 muito boa.\u201d<\/p>\n\n\n\n<p>V\u00e1rias secretarias e superintend\u00eancias do munic\u00edpio participaram ativamente da realiza\u00e7\u00e3o da Caminhada. O prefeito Jos\u00e9 Ronaldo estava acompanhado dos secret\u00e1rios municipais de Comunica\u00e7\u00e3o, Joilton Freitas; da Secel, Cristiano L\u00f4bo; de Agricultura, Silvaney Ara\u00fajo; e do diretor-superintendente da SMT, Ricardo Cunha.<\/p>\n\n\n\n<p>A Caminhada do Perd\u00e3o, idealizada pelo arcebispo em\u00e9rito de Feira de Santana, dom Itamar Vian, deixou de ser realizada apenas nos anos de 2020 e 2021, os mais cr\u00edticos da pandemia de covid-19.<strong><em> (SECOM\/PMFS)<\/em><\/strong><\/p>\n","protected":false},"excerpt":{"rendered":"<p>Trata-se de um evento religioso repleto de significados, como fazer o percurso descal\u00e7o ou ser&hellip;<\/p>\n","protected":false},"author":2,"featured_media":24187,"comment_status":"open","ping_status":"open","sticky":false,"template":"","format":"standard","meta":{"footnotes":""},"categories":[58,70],"tags":[],"class_list":["post-24186","post","type-post","status-publish","format-standard","has-post-thumbnail","hentry","category-feira-de-santana","category-religiao"],"_links":{"self":[{"href":"https:\/\/atitudenoticias.com.br\/index.php?rest_route=\/wp\/v2\/posts\/24186","targetHints":{"allow":["GET"]}}],"collection":[{"href":"https:\/\/atitudenoticias.com.br\/index.php?rest_route=\/wp\/v2\/posts"}],"about":[{"href":"https:\/\/atitudenoticias.com.br\/index.php?rest_route=\/wp\/v2\/types\/post"}],"author":[{"embeddable":true,"href":"https:\/\/atitudenoticias.com.br\/index.php?rest_route=\/wp\/v2\/users\/2"}],"replies":[{"embeddable":true,"href":"https:\/\/atitudenoticias.com.br\/index.php?rest_route=%2Fwp%2Fv2%2Fcomments&post=24186"}],"version-history":[{"count":1,"href":"https:\/\/atitudenoticias.com.br\/index.php?rest_route=\/wp\/v2\/posts\/24186\/revisions"}],"predecessor-version":[{"id":24188,"href":"https:\/\/atitudenoticias.com.br\/index.php?rest_route=\/wp\/v2\/posts\/24186\/revisions\/24188"}],"wp:featuredmedia":[{"embeddable":true,"href":"https:\/\/atitudenoticias.com.br\/index.php?rest_route=\/wp\/v2\/media\/24187"}],"wp:attachment":[{"href":"https:\/\/atitudenoticias.com.br\/index.php?rest_route=%2Fwp%2Fv2%2Fmedia&parent=24186"}],"wp:term":[{"taxonomy":"category","embeddable":true,"href":"https:\/\/atitudenoticias.com.br\/index.php?rest_route=%2Fwp%2Fv2%2Fcategories&post=24186"},{"taxonomy":"post_tag","embeddable":true,"href":"https:\/\/atitudenoticias.com.br\/index.php?rest_route=%2Fwp%2Fv2%2Ftags&post=24186"}],"curies":[{"name":"wp","href":"https:\/\/api.w.org\/{rel}","templated":true}]}}