{"id":24192,"date":"2026-03-02T17:18:28","date_gmt":"2026-03-02T20:18:28","guid":{"rendered":"https:\/\/atitudenoticias.com.br\/?p=24192"},"modified":"2026-03-02T17:18:29","modified_gmt":"2026-03-02T20:18:29","slug":"assinados-novos-contratos-com-agencias-responsaveis-pela-publicidade-institucional-da-prefeitura","status":"publish","type":"post","link":"https:\/\/atitudenoticias.com.br\/?p=24192","title":{"rendered":"Assinados novos contratos com ag\u00eancias respons\u00e1veis pela publicidade institucional da Prefeitura"},"content":{"rendered":"\n<p class=\"has-text-align-center\"><em><strong>A formaliza\u00e7\u00e3o foi assinada pelo prefeito Jos\u00e9 Ronaldo na manh\u00e3 desta segunda-feira<\/strong><\/em><\/p>\n\n\n\n<p>O prefeito Jos\u00e9 Ronaldo de Carvalho assinou, nesta segunda-feira (02), os novos contratos das ag\u00eancias de publicidade e propaganda respons\u00e1veis pela conta institucional e de utilidade p\u00fablica da Prefeitura de Feira de Santana. A formaliza\u00e7\u00e3o contou com a presen\u00e7a do secret\u00e1rio municipal de Comunica\u00e7\u00e3o Social, Joilton Freitas, e da secret\u00e1ria de Administra\u00e7\u00e3o, Sandra Peggy.<\/p>\n\n\n\n<p>Com a medida, atuam junto ao Governo Municipal as ag\u00eancias Mercado de Propaganda e Marketing, Cidade Propaganda, Ativa Propaganda, Arte Capital e S.G. Propag.&nbsp;<\/p>\n\n\n\n<p>O contrato contempla atividades integradas como estudos, planejamento estrat\u00e9gico, conceitua\u00e7\u00e3o, cria\u00e7\u00e3o de campanhas, execu\u00e7\u00e3o interna, intermedia\u00e7\u00e3o e supervis\u00e3o de servi\u00e7os externos, al\u00e9m da distribui\u00e7\u00e3o de publicidade nos ve\u00edculos de comunica\u00e7\u00e3o e demais meios de divulga\u00e7\u00e3o.<\/p>\n\n\n\n<p>A iniciativa tem como finalidade fortalecer a divulga\u00e7\u00e3o das a\u00e7\u00f5es da administra\u00e7\u00e3o municipal, ampliar o alcance das campanhas educativas, informar a popula\u00e7\u00e3o sobre servi\u00e7os p\u00fablicos e garantir maior transpar\u00eancia das atividades desenvolvidas pelo governo.<em><strong> (SECOM\/PMFS)<\/strong><\/em><\/p>\n","protected":false},"excerpt":{"rendered":"<p>A formaliza\u00e7\u00e3o foi assinada pelo prefeito Jos\u00e9 Ronaldo na manh\u00e3 desta segunda-feira O prefeito Jos\u00e9&hellip;<\/p>\n","protected":false},"author":2,"featured_media":24193,"comment_status":"open","ping_status":"open","sticky":false,"template":"","format":"standard","meta":{"footnotes":""},"categories":[58],"tags":[],"class_list":["post-24192","post","type-post","status-publish","format-standard","has-post-thumbnail","hentry","category-feira-de-santana"],"_links":{"self":[{"href":"https:\/\/atitudenoticias.com.br\/index.php?rest_route=\/wp\/v2\/posts\/24192","targetHints":{"allow":["GET"]}}],"collection":[{"href":"https:\/\/atitudenoticias.com.br\/index.php?rest_route=\/wp\/v2\/posts"}],"about":[{"href":"https:\/\/atitudenoticias.com.br\/index.php?rest_route=\/wp\/v2\/types\/post"}],"author":[{"embeddable":true,"href":"https:\/\/atitudenoticias.com.br\/index.php?rest_route=\/wp\/v2\/users\/2"}],"replies":[{"embeddable":true,"href":"https:\/\/atitudenoticias.com.br\/index.php?rest_route=%2Fwp%2Fv2%2Fcomments&post=24192"}],"version-history":[{"count":1,"href":"https:\/\/atitudenoticias.com.br\/index.php?rest_route=\/wp\/v2\/posts\/24192\/revisions"}],"predecessor-version":[{"id":24194,"href":"https:\/\/atitudenoticias.com.br\/index.php?rest_route=\/wp\/v2\/posts\/24192\/revisions\/24194"}],"wp:featuredmedia":[{"embeddable":true,"href":"https:\/\/atitudenoticias.com.br\/index.php?rest_route=\/wp\/v2\/media\/24193"}],"wp:attachment":[{"href":"https:\/\/atitudenoticias.com.br\/index.php?rest_route=%2Fwp%2Fv2%2Fmedia&parent=24192"}],"wp:term":[{"taxonomy":"category","embeddable":true,"href":"https:\/\/atitudenoticias.com.br\/index.php?rest_route=%2Fwp%2Fv2%2Fcategories&post=24192"},{"taxonomy":"post_tag","embeddable":true,"href":"https:\/\/atitudenoticias.com.br\/index.php?rest_route=%2Fwp%2Fv2%2Ftags&post=24192"}],"curies":[{"name":"wp","href":"https:\/\/api.w.org\/{rel}","templated":true}]}}