{"id":24207,"date":"2026-03-03T17:40:35","date_gmt":"2026-03-03T20:40:35","guid":{"rendered":"https:\/\/atitudenoticias.com.br\/?p=24207"},"modified":"2026-03-03T17:40:36","modified_gmt":"2026-03-03T20:40:36","slug":"artistas-com-caches-acima-de-r-700-mil-podem-ficar-fora-do-sao-joao-de-cidades-da-bahia","status":"publish","type":"post","link":"https:\/\/atitudenoticias.com.br\/?p=24207","title":{"rendered":"Artistas com cach\u00eas acima de R$ 700 mil podem ficar fora do S\u00e3o Jo\u00e3o de cidades da Bahia"},"content":{"rendered":"\n<p class=\"has-text-align-center\"><strong><em>Entenda a medida proposta pela UPB para contra\u00e7\u00e3o de shows<\/em><\/strong><\/p>\n\n\n\n<p>Uma campanha lan\u00e7ada pela Uni\u00e3o dos Munic\u00edpios da Bahia (UPB) prev\u00ea que as prefeituras baianas n\u00e3o contratem artistas que tenham cach\u00eas acima de R$ 700 mil no S\u00e3o Jo\u00e3o deste ano. Intitulada de &#8216;S\u00e3o Jo\u00e3o sem milh\u00e3o&#8217;, a inciativa tem como objetivo\u00a0preservar a cultura dos festejos juninos sem comprometer a sa\u00fade financeira das cidades.\u00a0<\/p>\n\n\n\n<p>&#8220;A mobiliza\u00e7\u00e3o ultrapassou as fronteiras da Bahia e j\u00e1 recebeu o apoio das associa\u00e7\u00f5es municipalistas dos nove estados do Nordeste, que pretendem adotar medidas semelhantes. A expectativa \u00e9 que a iniciativa tamb\u00e9m fortale\u00e7a o tradicional forr\u00f3 p\u00e9 de serra e amplie o espa\u00e7o para artistas locais, valorizando a cultura regional com pre\u00e7os mais acess\u00edveis&#8221;, afirma a Uni\u00e3o dos Munic\u00edpios da Bahia, em nota.<\/p>\n\n\n\n<p>Na segunda-feira (2), o Minist\u00e9rio P\u00fablico do Estado da Bahia, o Tribunal de Contas do Estado (TCE), o Tribunal de Contas dos Munic\u00edpios (TCM) assinaram uma nota t\u00e9cnica conjunta com diretrizes para orientar as prefeituras nos processos de contrata\u00e7\u00e3o. O documento estipula em R$ 700 mil a faixa&nbsp;<\/p>\n\n\n\n<p>de aten\u00e7\u00e3o especial&nbsp;aos gestores. Segundo o MP, apenas 1% dos contratos firmados em 2025 ultrapassou esse valor.&nbsp;&nbsp;<\/p>\n\n\n\n<p id=\"paragrafo-a8hxszetp1\">A nota t\u00e9cnica recomenda que a pesquisa de pre\u00e7os utilize como refer\u00eancia a m\u00e9dia dos cach\u00eas pagos ao artista no per\u00edodo de 1\u00ba de maio a 31 de julho de 2025, no mesmo Estado, com atualiza\u00e7\u00e3o monet\u00e1ria pelo \u00cdndice Nacional de Pre\u00e7os ao Consumidor Amplo (IPCA). A medida busca assegurar maior possibilidade de compara\u00e7\u00e3o entre contrata\u00e7\u00f5es realizadas em condi\u00e7\u00f5es semelhantes de mercado, considerando a sazonalidade t\u00edpica do per\u00edodo junino.<\/p>\n\n\n\n<p id=\"paragrafo-pu0wzk6tc8\">O presidente do TCE, conselheiro Gild\u00e1sio Penedo Filho, ressaltou que as diretrizes foram constru\u00eddas de forma colaborativa, respeitando as especificidades culturais e econ\u00f4micas do per\u00edodo junino.<\/p>\n\n\n\n<p id=\"paragrafo-eirnn5iwug\">\u201cN\u00e3o h\u00e1 qualquer inten\u00e7\u00e3o de criar obst\u00e1culos \u00e0 realiza\u00e7\u00e3o dos festejos. Reconhecemos a import\u00e2ncia cultural, social e econ\u00f4mica dessas celebra\u00e7\u00f5es, especialmente no Nordeste. O que se busca \u00e9 estabelecer balizas que assegurem equil\u00edbrio, responsabilidade e planejamento, sem interferir na autonomia do mercado art\u00edstico nem dos gestores p\u00fablicos\u201d, afirmou.<em><strong> (Correio24hs)<\/strong><\/em><\/p>\n\n\n\n<p><\/p>\n","protected":false},"excerpt":{"rendered":"<p>Entenda a medida proposta pela UPB para contra\u00e7\u00e3o de shows Uma campanha lan\u00e7ada pela Uni\u00e3o&hellip;<\/p>\n","protected":false},"author":2,"featured_media":24208,"comment_status":"open","ping_status":"open","sticky":false,"template":"","format":"standard","meta":{"footnotes":""},"categories":[22,62,63],"tags":[],"class_list":["post-24207","post","type-post","status-publish","format-standard","has-post-thumbnail","hentry","category-bahia","category-justica","category-sao-joao"],"_links":{"self":[{"href":"https:\/\/atitudenoticias.com.br\/index.php?rest_route=\/wp\/v2\/posts\/24207","targetHints":{"allow":["GET"]}}],"collection":[{"href":"https:\/\/atitudenoticias.com.br\/index.php?rest_route=\/wp\/v2\/posts"}],"about":[{"href":"https:\/\/atitudenoticias.com.br\/index.php?rest_route=\/wp\/v2\/types\/post"}],"author":[{"embeddable":true,"href":"https:\/\/atitudenoticias.com.br\/index.php?rest_route=\/wp\/v2\/users\/2"}],"replies":[{"embeddable":true,"href":"https:\/\/atitudenoticias.com.br\/index.php?rest_route=%2Fwp%2Fv2%2Fcomments&post=24207"}],"version-history":[{"count":1,"href":"https:\/\/atitudenoticias.com.br\/index.php?rest_route=\/wp\/v2\/posts\/24207\/revisions"}],"predecessor-version":[{"id":24209,"href":"https:\/\/atitudenoticias.com.br\/index.php?rest_route=\/wp\/v2\/posts\/24207\/revisions\/24209"}],"wp:featuredmedia":[{"embeddable":true,"href":"https:\/\/atitudenoticias.com.br\/index.php?rest_route=\/wp\/v2\/media\/24208"}],"wp:attachment":[{"href":"https:\/\/atitudenoticias.com.br\/index.php?rest_route=%2Fwp%2Fv2%2Fmedia&parent=24207"}],"wp:term":[{"taxonomy":"category","embeddable":true,"href":"https:\/\/atitudenoticias.com.br\/index.php?rest_route=%2Fwp%2Fv2%2Fcategories&post=24207"},{"taxonomy":"post_tag","embeddable":true,"href":"https:\/\/atitudenoticias.com.br\/index.php?rest_route=%2Fwp%2Fv2%2Ftags&post=24207"}],"curies":[{"name":"wp","href":"https:\/\/api.w.org\/{rel}","templated":true}]}}