{"id":24215,"date":"2026-03-04T11:18:39","date_gmt":"2026-03-04T14:18:39","guid":{"rendered":"https:\/\/atitudenoticias.com.br\/?p=24215"},"modified":"2026-03-04T11:18:40","modified_gmt":"2026-03-04T14:18:40","slug":"antigo-centro-de-convencoes-vai-a-leilao-na-bahia-veja-como-participar","status":"publish","type":"post","link":"https:\/\/atitudenoticias.com.br\/?p=24215","title":{"rendered":"Antigo Centro de Conven\u00e7\u00f5es vai a leil\u00e3o na Bahia; veja como participar"},"content":{"rendered":"\n<p class=\"has-text-align-center\"><em><strong>Governo do Estado publicou o edital nesta quarta-feira, 4<\/strong><\/em><\/p>\n\n\n\n<p>O governo da Bahia, por meio da Secretaria da Administra\u00e7\u00e3o (Saeb), publicou nesta quarta-feira, 4, o edital para o leil\u00e3o do im\u00f3vel onde funcionava o\u00a0<a href=\"https:\/\/atarde.com.br\/politica\/fim-da-espera-apos-11-anos-centro-de-convencoes-tem-data-para-ser-vendido-1381494\" target=\"_blank\" rel=\"noreferrer noopener\">antigo Centro de Conven\u00e7\u00f5es de Salvador<\/a>. <\/p>\n\n\n\n<p>De acordo com o documento, a sess\u00e3o p\u00fablica ocorrer\u00e1 no&nbsp;<strong>dia 26 de mar\u00e7o<\/strong>, \u00e0s 10h, no Espa\u00e7o Crescer, na sede da Secretaria do Trabalho (Setre), no Centro Administrativo da Bahia (CAB), em Salvador.<\/p>\n\n\n\n<p>O&nbsp;<strong>lance inicial ser\u00e1 de R$ 141 milh\u00f5es,<\/strong>&nbsp;valor que o terreno foi avaliado pela Caixa Econ\u00f4mica Federal.<\/p>\n\n\n\n<p>Quem arrematar o im\u00f3vel ser\u00e1 respons\u00e1vel por desmontar a estrutura que est\u00e1 em ru\u00ednas desde o seu desabamento, em setembro de 2016, como adiantado por&nbsp;<strong>A TARDE.<\/strong><\/p>\n\n\n\n<h2 class=\"wp-block-heading\">Como participar?<\/h2>\n\n\n\n<p>O leil\u00e3o ser\u00e1 h\u00edbrido.<\/p>\n\n\n\n<h3 class=\"wp-block-heading\">O interessado pode optar por:<\/h3>\n\n\n\n<h4 class=\"wp-block-heading\">Participa\u00e7\u00e3o presencial<\/h4>\n\n\n\n<p>As propostas f\u00edsicas devem ser entregues at\u00e9 as 9h do dia 26 de mar\u00e7o, no CAB.<\/p>\n\n\n\n<h4 class=\"wp-block-heading\">Participa\u00e7\u00e3o online<\/h4>\n\n\n\n<p>Os lances eletr\u00f4nicos poder\u00e3o ser feitos entre 6 de mar\u00e7o, a partir das 9h, e 26 de mar\u00e7o, at\u00e9 \u00e0s 9h, pelo\u00a0<a href=\"https:\/\/www.rjleiloes.com.br\/\" target=\"_blank\" rel=\"noreferrer noopener\">site da empresa<\/a>\u00a0respons\u00e1vel pelo leil\u00e3o. <a href=\"https:\/\/atarde.com.br\/politica\/fim-da-espera-apos-11-anos-centro-de-convencoes-tem-data-para-ser-vendido-1381494\"><\/a><\/p>\n\n\n\n<h6 class=\"wp-block-heading\"><\/h6>\n\n\n\n<h2 class=\"wp-block-heading\">\u00c9 poss\u00edvel visitar o im\u00f3vel?<\/h2>\n\n\n\n<p>O edital informa que visitas poder\u00e3o ser realizadas entre os&nbsp;<strong>dias 6 e 19 de mar\u00e7o<\/strong>, das 9h \u00e0s 18h.<\/p>\n\n\n\n<h2 class=\"wp-block-heading\">Como funciona o pagamento?<\/h2>\n\n\n\n<h3 class=\"wp-block-heading\">Os interessados t\u00eam duas op\u00e7\u00f5es:<\/h3>\n\n\n\n<h4 class=\"wp-block-heading\">Pagamento \u00e0 vista<\/h4>\n\n\n\n<ul class=\"wp-block-list\">\n<li>5% do valor no ato da arremata\u00e7\u00e3o;<\/li>\n\n\n\n<li>95% restantes em at\u00e9 24 horas ap\u00f3s o encerramento do leil\u00e3o.<\/li>\n<\/ul>\n\n\n\n<h4 class=\"wp-block-heading\">Pagamento parcelado<\/h4>\n\n\n\n<ul class=\"wp-block-list\">\n<li>5% de entrada no dia do leil\u00e3o;<\/li>\n\n\n\n<li>95% restantes em at\u00e9 10 parcelas mensais.<\/li>\n<\/ul>\n\n\n\n<p>A primeira parcela vence 30 dias ap\u00f3s o leil\u00e3o. O vencedor tamb\u00e9m dever\u00e1 pagar comiss\u00e3o de 1,5% sobre o valor arrematado ao leiloeiro oficial.<\/p>\n\n\n\n<h2 class=\"wp-block-heading\">Onde consultar o edital?<\/h2>\n\n\n\n<p>O edital completo est\u00e1 dispon\u00edvel no&nbsp;<a href=\"https:\/\/www.comprasnet.ba.gov.br\/\" target=\"_blank\" rel=\"noreferrer noopener\">site oficial do governo<\/a>. Informa\u00e7\u00f5es tamb\u00e9m podem ser obtidas pelo telefone (71) 3115-3360.<\/p>\n\n\n\n<h2 class=\"wp-block-heading\">Entenda o que aconteceu com o antigo Centro de Conven\u00e7\u00f5es<\/h2>\n\n\n\n<p>O equipamento foi fechado em 2015 por problemas estruturais e falta de manuten\u00e7\u00e3o. Em 2016, parte do pr\u00e9dio desabou, deixando tr\u00eas pessoas feridas.<\/p>\n\n\n\n<p>Posteriormente, o im\u00f3vel foi penhorado pelo Tribunal Regional do Trabalho (TRT), em meio a disputas judiciais envolvendo o Estado e ex-funcion\u00e1rios da extinta Bahiatursa.<\/p>\n\n\n\n<p>Em setembro de 2025, o TRT cancelou o arresto e a penhora ap\u00f3s acordo entre as partes.<\/p>\n\n\n\n<p>Mesmo fora da disputa judicial, o terreno, que j\u00e1 foi avaliado em R$ 300 milh\u00f5es, segue abandonado.<\/p>\n\n\n\n<p><strong><em>(A Tarde)<\/em><\/strong><\/p>\n","protected":false},"excerpt":{"rendered":"<p>Governo do Estado publicou o edital nesta quarta-feira, 4 O governo da Bahia, por meio&hellip;<\/p>\n","protected":false},"author":2,"featured_media":24216,"comment_status":"open","ping_status":"open","sticky":false,"template":"","format":"standard","meta":{"footnotes":""},"categories":[22],"tags":[],"class_list":["post-24215","post","type-post","status-publish","format-standard","has-post-thumbnail","hentry","category-bahia"],"_links":{"self":[{"href":"https:\/\/atitudenoticias.com.br\/index.php?rest_route=\/wp\/v2\/posts\/24215","targetHints":{"allow":["GET"]}}],"collection":[{"href":"https:\/\/atitudenoticias.com.br\/index.php?rest_route=\/wp\/v2\/posts"}],"about":[{"href":"https:\/\/atitudenoticias.com.br\/index.php?rest_route=\/wp\/v2\/types\/post"}],"author":[{"embeddable":true,"href":"https:\/\/atitudenoticias.com.br\/index.php?rest_route=\/wp\/v2\/users\/2"}],"replies":[{"embeddable":true,"href":"https:\/\/atitudenoticias.com.br\/index.php?rest_route=%2Fwp%2Fv2%2Fcomments&post=24215"}],"version-history":[{"count":1,"href":"https:\/\/atitudenoticias.com.br\/index.php?rest_route=\/wp\/v2\/posts\/24215\/revisions"}],"predecessor-version":[{"id":24217,"href":"https:\/\/atitudenoticias.com.br\/index.php?rest_route=\/wp\/v2\/posts\/24215\/revisions\/24217"}],"wp:featuredmedia":[{"embeddable":true,"href":"https:\/\/atitudenoticias.com.br\/index.php?rest_route=\/wp\/v2\/media\/24216"}],"wp:attachment":[{"href":"https:\/\/atitudenoticias.com.br\/index.php?rest_route=%2Fwp%2Fv2%2Fmedia&parent=24215"}],"wp:term":[{"taxonomy":"category","embeddable":true,"href":"https:\/\/atitudenoticias.com.br\/index.php?rest_route=%2Fwp%2Fv2%2Fcategories&post=24215"},{"taxonomy":"post_tag","embeddable":true,"href":"https:\/\/atitudenoticias.com.br\/index.php?rest_route=%2Fwp%2Fv2%2Ftags&post=24215"}],"curies":[{"name":"wp","href":"https:\/\/api.w.org\/{rel}","templated":true}]}}