{"id":24218,"date":"2026-03-04T11:27:42","date_gmt":"2026-03-04T14:27:42","guid":{"rendered":"https:\/\/atitudenoticias.com.br\/?p=24218"},"modified":"2026-03-04T11:28:32","modified_gmt":"2026-03-04T14:28:32","slug":"feminicidio-nunca-mais-campanha-internacional-e-lancada-no-brasil","status":"publish","type":"post","link":"https:\/\/atitudenoticias.com.br\/?p=24218","title":{"rendered":"Feminic\u00eddio Nunca Mais: campanha internacional \u00e9 lan\u00e7ada no Brasil"},"content":{"rendered":"\n<p class=\"has-text-align-center\"><strong><em>TV Brasil lan\u00e7a 1\u00ba pr\u00eamio nacional voltado ao futebol feminino<\/em><\/strong><\/p>\n\n\n\n<p>O Cristo Redentor foi iluminado na noite dessa ter\u00e7a-feira (3) com proje\u00e7\u00f5es de frases de combate \u00e0 viol\u00eancia contra as mulheres&nbsp;durante o lan\u00e7amento da campanha \u201cFeminic\u00eddio Nunca Mais\u201d. A&nbsp;iniciativa utiliza o futebol&nbsp;como plataforma de mobiliza\u00e7\u00e3o social rumo \u00e0 Copa do Mundo Feminina da Fifa de 2027, que ser\u00e1 realizada no Brasil.<img decoding=\"async\" src=\"https:\/\/agenciabrasil.ebc.com.br\/ebc.png?id=1680454&amp;o=node\"><img decoding=\"async\" src=\"https:\/\/agenciabrasil.ebc.com.br\/ebc.gif?id=1680454&amp;o=node\"><\/p>\n\n\n\n<p>O evento, aos p\u00e9s do monumento, reuniu a primeira-dama Janja Lula da Silva, a ministra Anielle Franco, da Igualdade Racial, dirigentes da&nbsp;<strong>Empresa Brasil de Comunica\u00e7\u00e3o<\/strong>&nbsp;(<strong>EBC<\/strong>), da&nbsp;Ag\u00eancia Brasileira de Promo\u00e7\u00e3o Internacional do Turismo&nbsp;(Embratur) e da Petrobras.<\/p>\n\n\n\n<p>Al\u00e9m de populares, estiveram presentes veteranas do futebol feminino que participaram de&nbsp;campanha exibida na&nbsp;<strong>TV Brasil.<\/strong>&nbsp;A iniciativa&nbsp;\u00e9 liderada pela&nbsp;NO MORE Week, mobiliza\u00e7\u00e3o internacional dedicada \u00e0 conscientiza\u00e7\u00e3o sobre o impacto da viol\u00eancia dom\u00e9stica e sexual.<\/p>\n\n\n\n<p>Para marcar o in\u00edcio da campanha no pa\u00eds, o monumento foi iluminado na cor teal (verde-azulado)\u00a0\u2014 s\u00edmbolo global de solidariedade \u00e0s sobreviventes de viol\u00eancia \u2014 e recebeu proje\u00e7\u00f5es com mensagens de enfrentamento ao feminic\u00eddio. <\/p>\n\n\n\n<p>A cerim\u00f4nia foi aberta pelo reitor do Santu\u00e1rio do Cristo Redentor, Padre Omar Raposo, respons\u00e1vel pelas missas e atividades religiosas no monumento. Durante a abertura, ele destacou o simbolismo hist\u00f3rico do Cristo Redentor e sua rela\u00e7\u00e3o com o protagonismo feminino.<\/p>\n\n\n\n<p>Segundo o religioso, a pr\u00f3pria hist\u00f3ria do monumento remete a uma figura feminina. \u201cO Cristo se chama Redentor porque foi inspirado em uma mulher redentora, a princesa Isabel\u201d, afirmou.<\/p>\n\n\n\n<p>Padre Omar tamb\u00e9m chamou a aten\u00e7\u00e3o para um detalhe simb\u00f3lico da escultura: as m\u00e3os da imagem. De acordo com ele, os bra\u00e7os longos e as m\u00e3os abertas do Cristo foram inspirados em m\u00e3os de mulheres, tendo como refer\u00eancia uma artista que viveu no bairro de Santa Teresa durante o per\u00edodo da constru\u00e7\u00e3o do monumento.<\/p>\n\n\n\n<p>Durante a cerim\u00f4nia, foi lan\u00e7ado o Pr\u00eamio&nbsp;<strong>TV Brasil<\/strong>&nbsp;Petrobras para Elas, primeira premia\u00e7\u00e3o nacional dedicada exclusivamente ao futebol feminino.<\/p>\n\n\n\n<p>Segundo a diretora de Conte\u00fado e Programa\u00e7\u00e3o da&nbsp;<strong>EBC<\/strong>, Ant\u00f4nia Pellegrino, a iniciativa refor\u00e7a o papel da comunica\u00e7\u00e3o p\u00fablica na amplia\u00e7\u00e3o da visibilidade do esporte feminino.<\/p>\n\n\n\n<blockquote class=\"wp-block-quote is-layout-flow wp-block-quote-is-layout-flow\">\n<p>\u201cDesde 2024, a&nbsp;<strong>TV Brasil<\/strong>&nbsp;assumiu uma posi\u00e7\u00e3o estrat\u00e9gica: ser a tela do futebol feminino. Hoje somos a maior detentora de direitos de transmiss\u00e3o da modalidade na TV aberta&#8221;.<\/p>\n<\/blockquote>\n\n\n\n<p>Para ela, mais do que transmitir jogos, a emissora ajuda&nbsp;a construir visibilidade. &#8220;E visibilidade, no caso das mulheres, \u00e9 reconhecimento, legitimidade e constru\u00e7\u00e3o de novos futuros\u201d, comentou.<\/p>\n\n\n\n<h2 class=\"wp-block-heading\">Pioneiras do futebol feminino<\/h2>\n\n\n\n<p>O evento tamb\u00e9m reuniu veteranas do futebol feminino brasileiro, que participaram do v\u00eddeo institucional da campanha contra a viol\u00eancia, que ser\u00e1 exibido pela&nbsp;<strong>TV Brasil<\/strong>&nbsp;durante transmiss\u00f5es da modalidade.<\/p>\n\n\n\n<p>Entre elas estava Rosilane Camargo Mota, conhecida como Fanta 21, uma das pioneiras da sele\u00e7\u00e3o feminina brasileira. Ela lembrou as dificuldades enfrentadas pelas jogadoras quando o futebol feminino ainda era proibido no pa\u00eds.<\/p>\n\n\n\n<p>\u201cMeu nome mesmo \u00e9 Rosilane Camargo Mota, mas ningu\u00e9m conhece. Todo mundo me chama de Fanta 21. Sou pioneira da sele\u00e7\u00e3o e tenho muita gratid\u00e3o por ter vivido isso\u201d, afirmou.<\/p>\n\n\n\n<p>A ex-jogadora disse esperar que a realiza\u00e7\u00e3o da Copa do Mundo Feminina no Brasil ajude a ampliar o reconhecimento das atletas que abriram caminho para o esporte no pa\u00eds.<\/p>\n\n\n\n<blockquote class=\"wp-block-quote is-layout-flow wp-block-quote-is-layout-flow\">\n<p>\u201cDepois de toda a luta que a gente passou l\u00e1 atr\u00e1s, com tantas dificuldades, a esperan\u00e7a \u00e9 que agora se abram portas e que a gente seja lembrada por essa hist\u00f3ria\u201d, afirmou.<\/p>\n<\/blockquote>\n\n\n\n<p>Fanta tamb\u00e9m destacou a import\u00e2ncia de associar o esporte ao combate \u00e0 viol\u00eancia contra as mulheres.<\/p>\n\n\n\n<p>\u201cHoje participei dessa campanha porque esse \u00e9 um problema que est\u00e1 no nosso dia a dia. A gente espera que o futebol feminino ajude a fortalecer essa luta e que possamos tamb\u00e9m contribuir para combater essa viol\u00eancia.\u201d<\/p>\n\n\n\n<h2 class=\"wp-block-heading\">Esporte como ferramenta de transforma\u00e7\u00e3o<\/h2>\n\n\n\n<p>Para a diretora executiva da No More Foundation&nbsp;no Brasil, Daniela Grelin, o lan\u00e7amento do cap\u00edtulo brasileiro da organiza\u00e7\u00e3o busca ampliar a articula\u00e7\u00e3o internacional para enfrentar a viol\u00eancia de g\u00eanero.<\/p>\n\n\n\n<blockquote class=\"wp-block-quote is-layout-flow wp-block-quote-is-layout-flow\">\n<p>\u201cEstamos todos na mesma arena. Ou jogamos a favor da vida das mulheres ou jogamos contra. A viol\u00eancia contra mulheres n\u00e3o atinge apenas as mulheres; ela afeta fam\u00edlias, escolas, comunidades e gera\u00e7\u00f5es inteiras\u201d, disse.<\/p>\n<\/blockquote>\n\n\n\n<p>Segundo ela, a campanha aposta no poder transformador do esporte.&nbsp;\u201cSe os sistemas esportivos promoverem equidade de g\u00eanero, valorizarem lideran\u00e7as femininas e mobilizarem atletas como modelos positivos, as normas sociais relacionadas a poder, masculinidade e viol\u00eancia podem se transformar.\u201d<\/p>\n\n\n\n<p>A ilumina\u00e7\u00e3o do Cristo Redentor tamb\u00e9m simboliza a conex\u00e3o da campanha com outros pa\u00edses. Nos pr\u00f3ximos dias, monumentos e pr\u00e9dios p\u00fablicos de Nova York&nbsp;\u2014 cidade que tamb\u00e9m receber\u00e1 jogos da Copa do Mundo feminina \u2014 ser\u00e3o iluminados com a mesma cor.<\/p>\n\n\n\n<p>Durante a cerim\u00f4nia, a primeira-dama Janja Lula da Silva destacou o potencial do futebol para ampliar o debate sobre a viol\u00eancia contra as mulheres.<\/p>\n\n\n\n<blockquote class=\"wp-block-quote is-layout-flow wp-block-quote-is-layout-flow\">\n<p>\u201cTodo mundo diz que o futebol \u00e9 a paix\u00e3o nacional. Mas o futebol feminino trazer essa pauta \u00e9 ainda mais importante. As atletas v\u00e3o ser protagonistas de uma Copa do Mundo aqui no Brasil e podem falar sobre esse tema com muita pot\u00eancia\u201d, afirmou.<\/p>\n<\/blockquote>\n\n\n\n<p>Segundo ela, o esporte permite alcan\u00e7ar diferentes p\u00fablicos.<\/p>\n\n\n\n<p>\u201cO futebol fala todas as l\u00ednguas e chega a todas as classes sociais. Usar os campos de futebol para falar sobre o combate \u00e0 viol\u00eancia contra a mulher \u00e9 fundamental\u201d, disse.<\/p>\n\n\n\n<p>Janja tamb\u00e9m ressaltou que as pr\u00f3prias jogadoras enfrentam diferentes formas de viol\u00eancia, como misoginia e desigualdade salarial.<\/p>\n\n\n\n<p>\u201cEspero que os atletas do futebol masculino tamb\u00e9m se conscientizem da import\u00e2ncia que t\u00eam nesse debate e levem essa mensagem com o seu esporte.\u201d<\/p>\n\n\n\n<p>O presidente da&nbsp;<strong>EBC<\/strong>, Andr\u00e9 Basbaum, afirmou que a mobiliza\u00e7\u00e3o busca provocar uma rea\u00e7\u00e3o da sociedade diante dos altos \u00edndices de viol\u00eancia no pa\u00eds.<\/p>\n\n\n\n<blockquote class=\"wp-block-quote is-layout-flow wp-block-quote-is-layout-flow\">\n<p>\u201cA viol\u00eancia contra a mulher \u00e9 algo escandaloso no Brasil. A gente precisa reagir. E reagir com educa\u00e7\u00e3o, mas tamb\u00e9m com puni\u00e7\u00e3o ao agressor\u201d, afirmou.<\/p>\n<\/blockquote>\n\n\n\n<p>A ministra da Igualdade Racial, Anielle Franco,&nbsp;destacou o papel do esporte como ferramenta de transforma\u00e7\u00e3o social.<\/p>\n\n\n\n<blockquote class=\"wp-block-quote is-layout-flow wp-block-quote-is-layout-flow\">\n<p>\u201cQuando juntamos esporte, lideran\u00e7a e mulheres em espa\u00e7os de poder, conseguimos impulsionar a redu\u00e7\u00e3o da viol\u00eancia. O esporte precisa ser cada vez mais utilizado para conscientiza\u00e7\u00e3o\u201d, afirmou.<\/p>\n<\/blockquote>\n\n\n\n<h2 class=\"wp-block-heading\">Mobiliza\u00e7\u00e3o social<\/h2>\n\n\n\n<p>Entre os participantes do evento estava a professora e ativista Dilceia Quintela, integrante do movimento feminista de combate ao feminic\u00eddio. Para ela, a mobiliza\u00e7\u00e3o \u00e9 importante para ampliar a conscientiza\u00e7\u00e3o da sociedade.<\/p>\n\n\n\n<blockquote class=\"wp-block-quote is-layout-flow wp-block-quote-is-layout-flow\">\n<p>\u201cA import\u00e2ncia desse evento \u00e9 chamar a aten\u00e7\u00e3o para a luta contra o feminic\u00eddio. Essa precisa ser uma luta de todos: homens, mulheres, esporte, arte e cultura\u201d, afirmou.<\/p>\n<\/blockquote>\n\n\n\n<p>Segundo ela, envolver homens na campanha \u00e9 fundamental para enfrentar o problema.<\/p>\n\n\n\n<p>\u201cPrecisamos conscientizar os homens tamb\u00e9m, porque s\u00e3o eles que est\u00e3o nos matando. Essa campanha vem em uma boa hora\u201d, disse.<\/p>\n\n\n\n<p>Dilceia citou&nbsp;pesquisas que apontam aumento da viol\u00eancia dom\u00e9stica em dias de jogos de futebol masculino, o que refor\u00e7a a necessidade de promover novas narrativas dentro do esporte.<\/p>\n\n\n\n<p>\u201cPensar no futebol feminino como estrat\u00e9gia de conscientiza\u00e7\u00e3o \u00e9 muito importante. Precisamos ocupar todos os espa\u00e7os para combater essa viol\u00eancia, que j\u00e1 \u00e9 uma pandemia mundial\u201d, afirmou.<\/p>\n\n\n\n<p>O lan\u00e7amento da campanha foi antecedido por um debate no programa&nbsp;<em>Sem Censura<\/em>, da&nbsp;<strong>TV Brasil<\/strong>, exibido na tarde dessa ter\u00e7a-feira (3). A primeira-dama Janja Lula da Silva, Daniela Grelin e Ant\u00f4nia Pellegrino discutiram a import\u00e2ncia de mobilizar a sociedade contra o feminic\u00eddio e de utilizar o esporte e a comunica\u00e7\u00e3o p\u00fablica para ampliar a conscientiza\u00e7\u00e3o.<\/p>\n\n\n\n<p>Durante o programa, Janja lembrou que o Brasil registrou 1.470 mulheres assassinadas no ano passado, recorde hist\u00f3rico. Para ela, o combate ao feminic\u00eddio exige mudan\u00e7a cultural e articula\u00e7\u00e3o entre os tr\u00eas poderes e a sociedade.<\/p>\n\n\n\n<blockquote class=\"wp-block-quote is-layout-flow wp-block-quote-is-layout-flow\">\n<p>\u201cA gente quer que a engrenagem funcione. N\u00e3o podemos normalizar esses crimes. \u00c9 preciso falar sobre o tema, mas tamb\u00e9m agir\u201d, afirmou.<\/p>\n<\/blockquote>\n\n\n\n<p>Lan\u00e7ada em 2013, a campanha No More&nbsp;tornou-se um movimento global de mobiliza\u00e7\u00e3o contra a viol\u00eancia dom\u00e9stica e sexual. A iniciativa busca ampliar a conscientiza\u00e7\u00e3o p\u00fablica, apoiar sobreviventes e promover mudan\u00e7as culturais que previnam a viol\u00eancia antes mesmo que ela aconte\u00e7a.<\/p>\n\n\n\n<p>Durante as transmiss\u00f5es de futebol feminino, a&nbsp;<strong>TV Brasil<\/strong>&nbsp;exibir\u00e1 pe\u00e7as de conscientiza\u00e7\u00e3o com a participa\u00e7\u00e3o de atletas e personalidades do esporte, como Ra\u00ed, al\u00e9m das pioneiras da modalidade, refor\u00e7ando a mensagem de combate \u00e0 viol\u00eancia contra mulheres e meninas.<\/p>\n\n\n\n<p><em><strong>(Ag\u00eancia Brasil)<\/strong><\/em><\/p>\n","protected":false},"excerpt":{"rendered":"<p>TV Brasil lan\u00e7a 1\u00ba pr\u00eamio nacional voltado ao futebol feminino O Cristo Redentor foi iluminado&hellip;<\/p>\n","protected":false},"author":2,"featured_media":24219,"comment_status":"open","ping_status":"open","sticky":false,"template":"","format":"standard","meta":{"footnotes":""},"categories":[20],"tags":[],"class_list":["post-24218","post","type-post","status-publish","format-standard","has-post-thumbnail","hentry","category-brasil"],"_links":{"self":[{"href":"https:\/\/atitudenoticias.com.br\/index.php?rest_route=\/wp\/v2\/posts\/24218","targetHints":{"allow":["GET"]}}],"collection":[{"href":"https:\/\/atitudenoticias.com.br\/index.php?rest_route=\/wp\/v2\/posts"}],"about":[{"href":"https:\/\/atitudenoticias.com.br\/index.php?rest_route=\/wp\/v2\/types\/post"}],"author":[{"embeddable":true,"href":"https:\/\/atitudenoticias.com.br\/index.php?rest_route=\/wp\/v2\/users\/2"}],"replies":[{"embeddable":true,"href":"https:\/\/atitudenoticias.com.br\/index.php?rest_route=%2Fwp%2Fv2%2Fcomments&post=24218"}],"version-history":[{"count":2,"href":"https:\/\/atitudenoticias.com.br\/index.php?rest_route=\/wp\/v2\/posts\/24218\/revisions"}],"predecessor-version":[{"id":24221,"href":"https:\/\/atitudenoticias.com.br\/index.php?rest_route=\/wp\/v2\/posts\/24218\/revisions\/24221"}],"wp:featuredmedia":[{"embeddable":true,"href":"https:\/\/atitudenoticias.com.br\/index.php?rest_route=\/wp\/v2\/media\/24219"}],"wp:attachment":[{"href":"https:\/\/atitudenoticias.com.br\/index.php?rest_route=%2Fwp%2Fv2%2Fmedia&parent=24218"}],"wp:term":[{"taxonomy":"category","embeddable":true,"href":"https:\/\/atitudenoticias.com.br\/index.php?rest_route=%2Fwp%2Fv2%2Fcategories&post=24218"},{"taxonomy":"post_tag","embeddable":true,"href":"https:\/\/atitudenoticias.com.br\/index.php?rest_route=%2Fwp%2Fv2%2Ftags&post=24218"}],"curies":[{"name":"wp","href":"https:\/\/api.w.org\/{rel}","templated":true}]}}