{"id":24239,"date":"2026-03-05T00:01:18","date_gmt":"2026-03-05T03:01:18","guid":{"rendered":"https:\/\/atitudenoticias.com.br\/?p=24239"},"modified":"2026-03-05T00:24:34","modified_gmt":"2026-03-05T03:24:34","slug":"prefeitura-lanca-edital-de-licitacao-para-construcao-do-hospital-municipal-na-proxima-semana","status":"publish","type":"post","link":"https:\/\/atitudenoticias.com.br\/?p=24239","title":{"rendered":"Prefeitura lan\u00e7a edital de licita\u00e7\u00e3o para constru\u00e7\u00e3o do Hospital Municipal na pr\u00f3xima semana"},"content":{"rendered":"\n<p class=\"has-text-align-center\"><em><strong>Prefeitura de Feira vai detalhar o projeto na pr\u00f3xima segunda-feira em coletiva \u00e0 imprensa<\/strong><\/em><\/p>\n\n\n\n<p>A Prefeitura de Feira de Santana vai publicar, na pr\u00f3xima semana, o edital para contrata\u00e7\u00e3o de Parceria P\u00fablico-Privada (PPP) destinada \u00e0 constru\u00e7\u00e3o, equipagem, opera\u00e7\u00e3o e manuten\u00e7\u00e3o do Hospital Municipal de Feira de Santana. Os detalhes do projeto ser\u00e3o apresentados em coletiva de imprensa na segunda-feira (9), \u00e0s 10h, no Pa\u00e7o Municipal Maria Quit\u00e9ria.<\/p>\n\n\n\n<p>O empreendimento ser\u00e1 implantado por meio de PPP, na modalidade de concess\u00e3o administrativa, com prazo de 22 anos. Com capacidade para 110 leitos \u2014 sendo 100 especializados e 10 de UTI adulto \u2014, a unidade ser\u00e1 voltada \u00e0 presta\u00e7\u00e3o de servi\u00e7os de m\u00e9dia e alta complexidade, ampliando a oferta assistencial no munic\u00edpio. O hospital ser\u00e1 100% voltado ao Sistema \u00danico de Sa\u00fade (SUS).<\/p>\n\n\n\n<p>\u201cSer\u00e1 um equipamento de grande impacto para o sistema de sa\u00fade de Feira de Santana, com estrutura moderna, mais de 100 leitos, unidades de terapia intensiva, centro cir\u00fargico e ambulat\u00f3rios. Um hospital completo, pensado para atender \u00e0s necessidades da popula\u00e7\u00e3o\u201d, destacou o secret\u00e1rio municipal de Sa\u00fade, Rodrigo Matos.<\/p>\n\n\n\n<p>O projeto contempla a realiza\u00e7\u00e3o de cirurgias eletivas e leitos de retaguarda destinados a pacientes que necessitam de interna\u00e7\u00e3o cl\u00ednica. O hospital tamb\u00e9m ser\u00e1 equipado com moderno parque tecnol\u00f3gico de bioimagem, oferecendo exames de tomografia, resson\u00e2ncia magn\u00e9tica, ultrassonografia e ecocardiografia.<\/p>\n\n\n\n<p>Para Rodrigo Matos, o novo Hospital Municipal representa o compromisso da gest\u00e3o com a amplia\u00e7\u00e3o e qualifica\u00e7\u00e3o da assist\u00eancia \u00e0 popula\u00e7\u00e3o. \u201cEsse hospital \u00e9 um sonho coletivo \u2014 da gest\u00e3o, dos profissionais de sa\u00fade e da comunidade. Ele vai fortalecer nossa rede, oferecer servi\u00e7os de alta qualidade e enfrentar parte importante dos desafios assistenciais do munic\u00edpio\u201d, afirma o titular da Sa\u00fade.<strong><em> (SECOM\/PMFS)<\/em><\/strong><\/p>\n","protected":false},"excerpt":{"rendered":"<p>Prefeitura de Feira vai detalhar o projeto na pr\u00f3xima segunda-feira em coletiva \u00e0 imprensa A&hellip;<\/p>\n","protected":false},"author":2,"featured_media":24240,"comment_status":"open","ping_status":"open","sticky":false,"template":"","format":"standard","meta":{"footnotes":""},"categories":[58,25],"tags":[],"class_list":["post-24239","post","type-post","status-publish","format-standard","has-post-thumbnail","hentry","category-feira-de-santana","category-saude"],"_links":{"self":[{"href":"https:\/\/atitudenoticias.com.br\/index.php?rest_route=\/wp\/v2\/posts\/24239","targetHints":{"allow":["GET"]}}],"collection":[{"href":"https:\/\/atitudenoticias.com.br\/index.php?rest_route=\/wp\/v2\/posts"}],"about":[{"href":"https:\/\/atitudenoticias.com.br\/index.php?rest_route=\/wp\/v2\/types\/post"}],"author":[{"embeddable":true,"href":"https:\/\/atitudenoticias.com.br\/index.php?rest_route=\/wp\/v2\/users\/2"}],"replies":[{"embeddable":true,"href":"https:\/\/atitudenoticias.com.br\/index.php?rest_route=%2Fwp%2Fv2%2Fcomments&post=24239"}],"version-history":[{"count":1,"href":"https:\/\/atitudenoticias.com.br\/index.php?rest_route=\/wp\/v2\/posts\/24239\/revisions"}],"predecessor-version":[{"id":24241,"href":"https:\/\/atitudenoticias.com.br\/index.php?rest_route=\/wp\/v2\/posts\/24239\/revisions\/24241"}],"wp:featuredmedia":[{"embeddable":true,"href":"https:\/\/atitudenoticias.com.br\/index.php?rest_route=\/wp\/v2\/media\/24240"}],"wp:attachment":[{"href":"https:\/\/atitudenoticias.com.br\/index.php?rest_route=%2Fwp%2Fv2%2Fmedia&parent=24239"}],"wp:term":[{"taxonomy":"category","embeddable":true,"href":"https:\/\/atitudenoticias.com.br\/index.php?rest_route=%2Fwp%2Fv2%2Fcategories&post=24239"},{"taxonomy":"post_tag","embeddable":true,"href":"https:\/\/atitudenoticias.com.br\/index.php?rest_route=%2Fwp%2Fv2%2Ftags&post=24239"}],"curies":[{"name":"wp","href":"https:\/\/api.w.org\/{rel}","templated":true}]}}