{"id":24242,"date":"2026-03-05T00:30:08","date_gmt":"2026-03-05T03:30:08","guid":{"rendered":"https:\/\/atitudenoticias.com.br\/?p=24242"},"modified":"2026-03-09T17:41:15","modified_gmt":"2026-03-09T20:41:15","slug":"seculus-bahia-noticias-lula-lidera-corrida-presidencial-com-483-na-bahia-para-2026","status":"publish","type":"post","link":"https:\/\/atitudenoticias.com.br\/?p=24242","title":{"rendered":"S\u00e9culus\/ Bahia Not\u00edcias: Lula lidera corrida presidencial com 48,3% na Bahia para 2026"},"content":{"rendered":"\n<p><\/p>\n\n\n\n<p><strong>Um levantamento da S\u00e9culus An\u00e1lise e Pesquisa, contratado pelo Bahia Not\u00edcias, aponta o presidente Luiz In\u00e1cio Lula da Silva (PT) \u00e0 frente das inten\u00e7\u00f5es de voto para a Presid\u00eancia da Rep\u00fablica em cen\u00e1rio estimulado na Bahia.<\/strong><\/p>\n\n\n\n<p><strong>De acordo com os dados divulgados nesta quarta-feira (4), Lula aparece com 48,35% das inten\u00e7\u00f5es de voto entre os entrevistados. Em segundo lugar est\u00e1 o senador Fl\u00e1vio Bolsonaro (PL), com 21,87%. Na sequ\u00eancia aparecem Ronaldo Caiado, com 2,14%; Ratinho J\u00fanior, com 1,36%; Zema, com 1,04%; Eduardo Leite, com 0,58%; Renan Santos, com 0,32%; e Aldo Rebelo, com 0,13%.<\/strong><\/p>\n\n\n\n<p><strong>Ainda segundo o levantamento, 15,18% dos entrevistados declararam voto em branco, nulo ou em nenhum dos nomes apresentados. Outros 9,02% afirmaram n\u00e3o saber ou preferiram n\u00e3o opinar.<\/strong><\/p>\n\n\n\n<p><strong>O instituto tamb\u00e9m simulou um eventual segundo turno entre Lula e Fl\u00e1vio Bolsonaro. Nesse cen\u00e1rio, Lula aparece com 49,12% das inten\u00e7\u00f5es de voto, enquanto Fl\u00e1vio Bolsonaro registra 23,04%. Entre os entrevistados, 16,55% indicaram voto em branco, nulo ou em nenhum dos dois nomes, e 11,29% disseram n\u00e3o saber ou n\u00e3o opinar.<\/strong><\/p>\n\n\n\n<p><strong>A pesquisa ouviu 1.535 pessoas em 72 munic\u00edpios baianos entre os dias 25 e 27 de fevereiro, e est\u00e1 registrada no Tribunal Superior Eleitoral (TSE) sob n\u00ba BR-04320\/2026. O levantamento possui intervalo de confian\u00e7a de 95% e margem de erro m\u00e1xima estimada de 2,5 pontos percentuais para mais ou para menos.<\/strong> <\/p>\n\n\n\n<p>(Bahia Not\u00edcias)<\/p>\n","protected":false},"excerpt":{"rendered":"<p>Um levantamento da S\u00e9culus An\u00e1lise e Pesquisa, contratado pelo Bahia Not\u00edcias, aponta o presidente Luiz&hellip;<\/p>\n","protected":false},"author":2,"featured_media":24243,"comment_status":"open","ping_status":"open","sticky":false,"template":"","format":"standard","meta":{"footnotes":""},"categories":[20,27,88],"tags":[],"class_list":["post-24242","post","type-post","status-publish","format-standard","has-post-thumbnail","hentry","category-brasil","category-eleicoes","category-pesquisa"],"_links":{"self":[{"href":"https:\/\/atitudenoticias.com.br\/index.php?rest_route=\/wp\/v2\/posts\/24242","targetHints":{"allow":["GET"]}}],"collection":[{"href":"https:\/\/atitudenoticias.com.br\/index.php?rest_route=\/wp\/v2\/posts"}],"about":[{"href":"https:\/\/atitudenoticias.com.br\/index.php?rest_route=\/wp\/v2\/types\/post"}],"author":[{"embeddable":true,"href":"https:\/\/atitudenoticias.com.br\/index.php?rest_route=\/wp\/v2\/users\/2"}],"replies":[{"embeddable":true,"href":"https:\/\/atitudenoticias.com.br\/index.php?rest_route=%2Fwp%2Fv2%2Fcomments&post=24242"}],"version-history":[{"count":1,"href":"https:\/\/atitudenoticias.com.br\/index.php?rest_route=\/wp\/v2\/posts\/24242\/revisions"}],"predecessor-version":[{"id":24244,"href":"https:\/\/atitudenoticias.com.br\/index.php?rest_route=\/wp\/v2\/posts\/24242\/revisions\/24244"}],"wp:featuredmedia":[{"embeddable":true,"href":"https:\/\/atitudenoticias.com.br\/index.php?rest_route=\/wp\/v2\/media\/24243"}],"wp:attachment":[{"href":"https:\/\/atitudenoticias.com.br\/index.php?rest_route=%2Fwp%2Fv2%2Fmedia&parent=24242"}],"wp:term":[{"taxonomy":"category","embeddable":true,"href":"https:\/\/atitudenoticias.com.br\/index.php?rest_route=%2Fwp%2Fv2%2Fcategories&post=24242"},{"taxonomy":"post_tag","embeddable":true,"href":"https:\/\/atitudenoticias.com.br\/index.php?rest_route=%2Fwp%2Fv2%2Ftags&post=24242"}],"curies":[{"name":"wp","href":"https:\/\/api.w.org\/{rel}","templated":true}]}}