{"id":24252,"date":"2026-03-06T11:27:10","date_gmt":"2026-03-06T14:27:10","guid":{"rendered":"https:\/\/atitudenoticias.com.br\/?p=24252"},"modified":"2026-03-09T11:27:45","modified_gmt":"2026-03-09T14:27:45","slug":"camara-autoriza-prefeitura-a-contratar-operacao-de-credito-para-construcao-de-unidades-de-saude","status":"publish","type":"post","link":"https:\/\/atitudenoticias.com.br\/?p=24252","title":{"rendered":"C\u00e2mara autoriza Prefeitura a contratar opera\u00e7\u00e3o de cr\u00e9dito para constru\u00e7\u00e3o de unidades de sa\u00fade"},"content":{"rendered":"\n<p><\/p>\n\n\n\n<p>Novas unidades de sa\u00fade poder\u00e3o ser constru\u00eddas em Feira de Santana, com a aprova\u00e7\u00e3o do Projeto de Lei n\u00ba 29\/2026 pela C\u00e2mara Municipal, na sess\u00e3o desta quinta (5). A proposta, de autoria do Poder Executivo, autoriza a Prefeitura a contratar uma opera\u00e7\u00e3o de cr\u00e9dito de at\u00e9 R$ 15.991.890,00, junto \u00e0 Caixa Econ\u00f4mica Federal, para investimentos na amplia\u00e7\u00e3o da rede municipal de sa\u00fade.<\/p>\n\n\n\n<p>De acordo com o texto aprovado, o empr\u00e9stimo ser\u00e1 realizado no \u00e2mbito do Fundo Nacional de Investimento em Infraestrutura Social (FIIS). Os recursos ser\u00e3o destinados \u00e0 implanta\u00e7\u00e3o de Unidades B\u00e1sicas de Sa\u00fade (UBS) tipo II e III, Unidade de Pronto Atendimento (UPA) tipo I, Policl\u00ednica Municipal e Unidade Odontol\u00f3gica M\u00f3vel (UOM).<\/p>\n\n\n\n<p>Conforme os dispositivos da proposta, os recursos obtidos por meio da opera\u00e7\u00e3o dever\u00e3o ser incorporados ao or\u00e7amento municipal ou por meio de cr\u00e9ditos adicionais, assegurando a previs\u00e3o das despesas relacionadas ao pagamento das parcelas e encargos do financiamento. O projeto tamb\u00e9m estabelece que a opera\u00e7\u00e3o de cr\u00e9dito poder\u00e1 ser contratada com ou sem garantia da Uni\u00e3o, observando as normas da legisla\u00e7\u00e3o vigente, especialmente a Lei de Responsabilidade Fiscal.<\/p>\n\n\n\n<p>A proposta aprovada ainda autoriza o Poder Executivo a abrir cr\u00e9ditos adicionais necess\u00e1rios para cumprir as obriga\u00e7\u00f5es decorrentes da opera\u00e7\u00e3o de cr\u00e9dito.<em><strong> (ASCOM\/CMFS)<\/strong><\/em><\/p>\n","protected":false},"excerpt":{"rendered":"<p>Novas unidades de sa\u00fade poder\u00e3o ser constru\u00eddas em Feira de Santana, com a aprova\u00e7\u00e3o do&hellip;<\/p>\n","protected":false},"author":2,"featured_media":24253,"comment_status":"open","ping_status":"open","sticky":false,"template":"","format":"standard","meta":{"footnotes":""},"categories":[58,30],"tags":[],"class_list":["post-24252","post","type-post","status-publish","format-standard","has-post-thumbnail","hentry","category-feira-de-santana","category-politica"],"_links":{"self":[{"href":"https:\/\/atitudenoticias.com.br\/index.php?rest_route=\/wp\/v2\/posts\/24252","targetHints":{"allow":["GET"]}}],"collection":[{"href":"https:\/\/atitudenoticias.com.br\/index.php?rest_route=\/wp\/v2\/posts"}],"about":[{"href":"https:\/\/atitudenoticias.com.br\/index.php?rest_route=\/wp\/v2\/types\/post"}],"author":[{"embeddable":true,"href":"https:\/\/atitudenoticias.com.br\/index.php?rest_route=\/wp\/v2\/users\/2"}],"replies":[{"embeddable":true,"href":"https:\/\/atitudenoticias.com.br\/index.php?rest_route=%2Fwp%2Fv2%2Fcomments&post=24252"}],"version-history":[{"count":1,"href":"https:\/\/atitudenoticias.com.br\/index.php?rest_route=\/wp\/v2\/posts\/24252\/revisions"}],"predecessor-version":[{"id":24254,"href":"https:\/\/atitudenoticias.com.br\/index.php?rest_route=\/wp\/v2\/posts\/24252\/revisions\/24254"}],"wp:featuredmedia":[{"embeddable":true,"href":"https:\/\/atitudenoticias.com.br\/index.php?rest_route=\/wp\/v2\/media\/24253"}],"wp:attachment":[{"href":"https:\/\/atitudenoticias.com.br\/index.php?rest_route=%2Fwp%2Fv2%2Fmedia&parent=24252"}],"wp:term":[{"taxonomy":"category","embeddable":true,"href":"https:\/\/atitudenoticias.com.br\/index.php?rest_route=%2Fwp%2Fv2%2Fcategories&post=24252"},{"taxonomy":"post_tag","embeddable":true,"href":"https:\/\/atitudenoticias.com.br\/index.php?rest_route=%2Fwp%2Fv2%2Ftags&post=24252"}],"curies":[{"name":"wp","href":"https:\/\/api.w.org\/{rel}","templated":true}]}}