{"id":24255,"date":"2026-03-09T11:31:03","date_gmt":"2026-03-09T14:31:03","guid":{"rendered":"https:\/\/atitudenoticias.com.br\/?p=24255"},"modified":"2026-03-09T11:31:05","modified_gmt":"2026-03-09T14:31:05","slug":"combate-a-dengue-e-intensificado-em-feira-de-santana-durante-periodo-chuvoso","status":"publish","type":"post","link":"https:\/\/atitudenoticias.com.br\/?p=24255","title":{"rendered":"Combate \u00e0 dengue \u00e9 intensificado em Feira de Santana durante per\u00edodo chuvoso"},"content":{"rendered":"\n<p class=\"has-text-align-center\"><em><strong>Os profissionais redobram o olhar durante as inspe\u00e7\u00f5es, observando cada espa\u00e7o nas resid\u00eancias<\/strong><\/em><\/p>\n\n\n\n<p>As a\u00e7\u00f5es de combate ao mosquito Aedes aegypti seguem fortalecidas em Feira de Santana. Equipes de agentes de combate \u00e0s endemias percorrem diariamente diversos bairros da cidade realizando visitas domiciliares e inspe\u00e7\u00f5es em estabelecimentos comerciais, pra\u00e7as e outros logradouros p\u00fablicos em busca de poss\u00edveis focos do mosquito transmissor da dengue, chikungunya e zika v\u00edrus.<\/p>\n\n\n\n<p>Neste per\u00edodo de chuvas, quando aumenta o risco de prolifera\u00e7\u00e3o do vetor, o trabalho ganha ainda mais aten\u00e7\u00e3o. Os profissionais redobram o olhar durante as inspe\u00e7\u00f5es, observando cada espa\u00e7o nas resid\u00eancias e tamb\u00e9m em \u00e1reas comerciais, a fim de identificar qualquer recipiente que possa acumular \u00e1gua e servir de criadouro.<\/p>\n\n\n\n<p>O trabalho consiste na identifica\u00e7\u00e3o e elimina\u00e7\u00e3o mec\u00e2nica de focos, al\u00e9m do tratamento de dep\u00f3sitos com \u00e1gua parada. Quando o recipiente n\u00e3o pode ser eliminado, \u00e9 realizado o tratamento qu\u00edmico com aplica\u00e7\u00e3o de larvicida, impedindo o desenvolvimento das larvas do mosquito.<\/p>\n\n\n\n<p>Desde 1997 atuando no munic\u00edpio como agente de combate \u00e0s endemias, o inspetor-geral Jos\u00e9 Roberto Oliveira coordena tr\u00eas equipes que somam 25 agentes. Ele \u00e9 respons\u00e1vel pelas a\u00e7\u00f5es desenvolvidas nos bairros Bras\u00edlia, Serraria Brasil, Olhos d\u2019\u00c1gua, Ch\u00e1cara S\u00e3o Cosme, 35\u00ba BI e Jardim Ac\u00e1cia.<\/p>\n\n\n\n<p>Segundo ele, o trabalho segue uma rotina organizada para garantir que todos os im\u00f3veis sejam visitados. \u201cAs visitas \u00e0s resid\u00eancias acontecem por ciclo, geralmente a cada 60 dias. J\u00e1 o trabalho em pontos estrat\u00e9gicos \u2014 como oficinas, cemit\u00e9rios e outros locais que acumulam materiais \u2014 \u00e9 realizado a cada 15 dias por uma equipe espec\u00edfica\u201d, explica.<\/p>\n\n\n\n<p>As equipes atuam nos dois turnos e, durante o per\u00edodo chuvoso, as inspe\u00e7\u00f5es s\u00e3o intensificadas. \u201cCom mais chuva, aumentam as possibilidades de forma\u00e7\u00e3o de criadouros. Por isso, refor\u00e7amos as visitas e mantemos um olhar ainda mais atento para eliminar qualquer foco\u201d, acrescenta o inspetor.<\/p>\n\n\n\n<p>No bairro Irm\u00e3 Dulce, o inspetor de \u00e1rea Samuel Barros destaca que todas as visitas realizadas pelos agentes s\u00e3o registradas em um boletim di\u00e1rio. No documento constam informa\u00e7\u00f5es como o logradouro visitado, o tipo de im\u00f3vel \u2014 se resid\u00eancia, estabelecimento comercial, terreno baldio ou ponto estrat\u00e9gico \u2014 al\u00e9m dos tipos de dep\u00f3sitos inspecionados e tratados, como tanques, ton\u00e9is e caixas d\u2019\u00e1gua.<\/p>\n\n\n\n<p>Durante as inspe\u00e7\u00f5es, os agentes tamb\u00e9m orientam os moradores sobre medidas de preven\u00e7\u00e3o, j\u00e1 que a f\u00eamea do mosquito costuma encontrar abrigo em recipientes que acumulam \u00e1gua, como garrafas, pneus, pratos de plantas e reservat\u00f3rios destampados.<\/p>\n\n\n\n<p>A coordenadora de Combate \u00e0s Endemias, Priscila Soares, ressalta que a participa\u00e7\u00e3o da popula\u00e7\u00e3o \u00e9 fundamental para o sucesso das a\u00e7\u00f5es. \u201cO trabalho das equipes \u00e9 permanente nas ruas, mas o combate ao mosquito come\u00e7a dentro de casa. A popula\u00e7\u00e3o precisa estar atenta e eliminar qualquer recipiente que possa acumular \u00e1gua. Com a colabora\u00e7\u00e3o de todos, conseguimos reduzir os riscos e proteger a sa\u00fade da comunidade\u201d, destaca.<\/p>\n\n\n\n<p><strong>FEIRA CONTRA A DENGUE<\/strong><\/p>\n\n\n\n<p>Paralelo a esse trabalho, o projeto Inova Feira contra a Dengue tamb\u00e9m segue no munic\u00edpio com a instala\u00e7\u00e3o de armadilhas inteligentes para monitoramento do Aedes aegypti, com rotas operacionais em bicicletas el\u00e9tricas. Tamb\u00e9m utilizam smartphone e as armadilhas inteligentes &#8211; pneutrap, vectrack e in2care &#8211; para monitorar o mosquito. As a\u00e7\u00f5es s\u00e3o em parceria com o Minist\u00e9rio da Sa\u00fade<em><strong>. (SECOM\/PMFS)<\/strong><\/em><\/p>\n\n\n\n<p><\/p>\n","protected":false},"excerpt":{"rendered":"<p>Os profissionais redobram o olhar durante as inspe\u00e7\u00f5es, observando cada espa\u00e7o nas resid\u00eancias As a\u00e7\u00f5es&hellip;<\/p>\n","protected":false},"author":2,"featured_media":24256,"comment_status":"open","ping_status":"open","sticky":false,"template":"","format":"standard","meta":{"footnotes":""},"categories":[58,25],"tags":[],"class_list":["post-24255","post","type-post","status-publish","format-standard","has-post-thumbnail","hentry","category-feira-de-santana","category-saude"],"_links":{"self":[{"href":"https:\/\/atitudenoticias.com.br\/index.php?rest_route=\/wp\/v2\/posts\/24255","targetHints":{"allow":["GET"]}}],"collection":[{"href":"https:\/\/atitudenoticias.com.br\/index.php?rest_route=\/wp\/v2\/posts"}],"about":[{"href":"https:\/\/atitudenoticias.com.br\/index.php?rest_route=\/wp\/v2\/types\/post"}],"author":[{"embeddable":true,"href":"https:\/\/atitudenoticias.com.br\/index.php?rest_route=\/wp\/v2\/users\/2"}],"replies":[{"embeddable":true,"href":"https:\/\/atitudenoticias.com.br\/index.php?rest_route=%2Fwp%2Fv2%2Fcomments&post=24255"}],"version-history":[{"count":1,"href":"https:\/\/atitudenoticias.com.br\/index.php?rest_route=\/wp\/v2\/posts\/24255\/revisions"}],"predecessor-version":[{"id":24257,"href":"https:\/\/atitudenoticias.com.br\/index.php?rest_route=\/wp\/v2\/posts\/24255\/revisions\/24257"}],"wp:featuredmedia":[{"embeddable":true,"href":"https:\/\/atitudenoticias.com.br\/index.php?rest_route=\/wp\/v2\/media\/24256"}],"wp:attachment":[{"href":"https:\/\/atitudenoticias.com.br\/index.php?rest_route=%2Fwp%2Fv2%2Fmedia&parent=24255"}],"wp:term":[{"taxonomy":"category","embeddable":true,"href":"https:\/\/atitudenoticias.com.br\/index.php?rest_route=%2Fwp%2Fv2%2Fcategories&post=24255"},{"taxonomy":"post_tag","embeddable":true,"href":"https:\/\/atitudenoticias.com.br\/index.php?rest_route=%2Fwp%2Fv2%2Ftags&post=24255"}],"curies":[{"name":"wp","href":"https:\/\/api.w.org\/{rel}","templated":true}]}}