{"id":24258,"date":"2026-03-09T11:34:28","date_gmt":"2026-03-09T14:34:28","guid":{"rendered":"https:\/\/atitudenoticias.com.br\/?p=24258"},"modified":"2026-03-09T11:34:30","modified_gmt":"2026-03-09T14:34:30","slug":"operacao-da-prf-cumpre-302-mandados-por-crimes-contra-mulheres-no-brasil","status":"publish","type":"post","link":"https:\/\/atitudenoticias.com.br\/?p=24258","title":{"rendered":"Opera\u00e7\u00e3o da PRF cumpre 302 mandados por crimes contra mulheres no Brasil"},"content":{"rendered":"\n<p class=\"has-text-align-center\"><strong><em>A\u00e7\u00e3o ocorreu entre fevereiro e mar\u00e7o e teve m\u00e9dia de 12 pris\u00f5es por dia<\/em><\/strong><\/p>\n\n\n\n<p>Uma opera\u00e7\u00e3o da Pol\u00edcia Rodovi\u00e1ria Federal (PRF) levou ao cumprimento de 302 mandados de pris\u00e3o por crimes ligados \u00e0 viol\u00eancia contra mulheres em todo o pa\u00eds. A a\u00e7\u00e3o ocorreu entre 9 de fevereiro e 5 de mar\u00e7o e fez parte da segunda fase da Opera\u00e7\u00e3o Alerta Lil\u00e1s, realizada no per\u00edodo do Dia Internacional da Mulher.<\/p>\n\n\n\n<p>Dados divulgados pela PRF mostram que a maior parte das pris\u00f5es ocorreu por falta de pagamento de pens\u00e3o aliment\u00edcia, com 215 mandados cumpridos. Tamb\u00e9m houve deten\u00e7\u00f5es por estupro (37), incluindo casos contra pessoas vulner\u00e1veis, al\u00e9m de pris\u00f5es por descumprimento de medidas protetivas (16).<\/p>\n\n\n\n<p>Os estados com maior n\u00famero de mandados executados foram Rio Grande do Sul (26), Goi\u00e1s (22) e Minas Gerais (18). A opera\u00e7\u00e3o durou 24 dias e teve m\u00e9dia de 12 pris\u00f5es por dia. As abordagens ocorreram em rodovias federais e pontos estrat\u00e9gicos, com apoio do Banco Nacional de Medidas Penais e Pris\u00f5es (BNMP), sistema ligado ao Conselho Nacional de Justi\u00e7a (CNJ).<\/p>\n\n\n\n<p>Dados do Sistema Nacional de Informa\u00e7\u00f5es de Seguran\u00e7a P\u00fablica (Sinesp) mostram que o Brasil registrou 1.559 feminic\u00eddios e mais de 83 mil casos de estupro em 2025. Diante desse cen\u00e1rio, o governo federal lan\u00e7ou o Pacto Nacional Brasil de Enfrentamento ao Feminic\u00eddio para ampliar a prote\u00e7\u00e3o \u00e0s mulheres e fortalecer a\u00e7\u00f5es de preven\u00e7\u00e3o.<em><strong> (Metro1)<\/strong><\/em><\/p>\n","protected":false},"excerpt":{"rendered":"<p>A\u00e7\u00e3o ocorreu entre fevereiro e mar\u00e7o e teve m\u00e9dia de 12 pris\u00f5es por dia Uma&hellip;<\/p>\n","protected":false},"author":2,"featured_media":14583,"comment_status":"open","ping_status":"open","sticky":false,"template":"","format":"standard","meta":{"footnotes":""},"categories":[20,62,60],"tags":[],"class_list":["post-24258","post","type-post","status-publish","format-standard","has-post-thumbnail","hentry","category-brasil","category-justica","category-policia"],"_links":{"self":[{"href":"https:\/\/atitudenoticias.com.br\/index.php?rest_route=\/wp\/v2\/posts\/24258","targetHints":{"allow":["GET"]}}],"collection":[{"href":"https:\/\/atitudenoticias.com.br\/index.php?rest_route=\/wp\/v2\/posts"}],"about":[{"href":"https:\/\/atitudenoticias.com.br\/index.php?rest_route=\/wp\/v2\/types\/post"}],"author":[{"embeddable":true,"href":"https:\/\/atitudenoticias.com.br\/index.php?rest_route=\/wp\/v2\/users\/2"}],"replies":[{"embeddable":true,"href":"https:\/\/atitudenoticias.com.br\/index.php?rest_route=%2Fwp%2Fv2%2Fcomments&post=24258"}],"version-history":[{"count":1,"href":"https:\/\/atitudenoticias.com.br\/index.php?rest_route=\/wp\/v2\/posts\/24258\/revisions"}],"predecessor-version":[{"id":24259,"href":"https:\/\/atitudenoticias.com.br\/index.php?rest_route=\/wp\/v2\/posts\/24258\/revisions\/24259"}],"wp:featuredmedia":[{"embeddable":true,"href":"https:\/\/atitudenoticias.com.br\/index.php?rest_route=\/wp\/v2\/media\/14583"}],"wp:attachment":[{"href":"https:\/\/atitudenoticias.com.br\/index.php?rest_route=%2Fwp%2Fv2%2Fmedia&parent=24258"}],"wp:term":[{"taxonomy":"category","embeddable":true,"href":"https:\/\/atitudenoticias.com.br\/index.php?rest_route=%2Fwp%2Fv2%2Fcategories&post=24258"},{"taxonomy":"post_tag","embeddable":true,"href":"https:\/\/atitudenoticias.com.br\/index.php?rest_route=%2Fwp%2Fv2%2Ftags&post=24258"}],"curies":[{"name":"wp","href":"https:\/\/api.w.org\/{rel}","templated":true}]}}