{"id":24281,"date":"2026-03-12T12:01:22","date_gmt":"2026-03-12T15:01:22","guid":{"rendered":"https:\/\/atitudenoticias.com.br\/?p=24281"},"modified":"2026-03-12T12:01:23","modified_gmt":"2026-03-12T15:01:23","slug":"ix-semana-de-protecao-e-defesa-civil-discute-estrategias-de-prevencao-e-resposta-a-desastres","status":"publish","type":"post","link":"https:\/\/atitudenoticias.com.br\/?p=24281","title":{"rendered":"IX Semana de Prote\u00e7\u00e3o e Defesa Civil discute estrat\u00e9gias de preven\u00e7\u00e3o e resposta a desastres"},"content":{"rendered":"\n<p class=\"has-text-align-center\"><em><strong>O prefeito Jos\u00e9 Ronaldo de Carvalho ressaltou a import\u00e2ncia da iniciativa visando \u00e0 defini\u00e7\u00e3o de a\u00e7\u00f5es de preven\u00e7\u00e3o e resposta aos desastres<\/strong><\/em><\/p>\n\n\n\n<p>Especialistas e \u00f3rg\u00e3os de seguran\u00e7a p\u00fablica est\u00e3o reunidos no audit\u00f3rio da Secretaria Municipal de Educa\u00e7\u00e3o, durante toda a manh\u00e3 desta quinta-feira (12), para discutir estrat\u00e9gias de preven\u00e7\u00e3o, resposta e reconstru\u00e7\u00e3o ap\u00f3s desastres naturais ou grandes ocorr\u00eancias. A iniciativa faz parte da IX Semana de Prote\u00e7\u00e3o e Defesa Civil de Feira de Santana, promovida pela Prefeitura, por meio da Defesa Civil, \u00f3rg\u00e3o vinculado \u00e0 Secretaria Municipal de Preven\u00e7\u00e3o \u00e0 Viol\u00eancia (Seprev).<\/p>\n\n\n\n<p>O prefeito Jos\u00e9 Ronaldo de Carvalho ressaltou a import\u00e2ncia da iniciativa visando \u00e0 defini\u00e7\u00e3o de a\u00e7\u00f5es de preven\u00e7\u00e3o e resposta aos desastres. \u201c\u00c9 necess\u00e1rio debater amplamente um assunto de grande relev\u00e2ncia. E a presen\u00e7a de autoridades representando v\u00e1rios entes governamentais \u00e9 muito importante para colocarmos em pr\u00e1tica tudo o que vai ser proposto e discutido aqui hoje\u201d, destacou.<\/p>\n\n\n\n<p>O coordenador da Defesa Civil em Feira de Santana, Ant\u00f4nio Jos\u00e9 Ros\u00e1rio, destacou o car\u00e1ter t\u00e9cnico do evento. \u201cDefesa Civil somos todos n\u00f3s. Estamos tratando dos desafios que os munic\u00edpios enfrentam para adotar medidas de preven\u00e7\u00e3o e reconstru\u00e7\u00e3o ap\u00f3s desastres e grandes eventos\u201d, alertou.<\/p>\n\n\n\n<p>O secret\u00e1rio da Seprev, Luziel Andrade, destacou a necessidade de ado\u00e7\u00e3o de medidas imediatas visando \u00e0 preven\u00e7\u00e3o diante dos desastres que t\u00eam ocorrido em todo o mundo, inclusive no Brasil, em fun\u00e7\u00e3o das mudan\u00e7as clim\u00e1ticas. \u201cTemos que pensar que o que podemos fazer temos que fazer hoje. As coisas nunca v\u00e3o deixar de acontecer. E Defesa Civil \u00e9 salvar vidas, que \u00e9 o que existe de maior valor\u201d, frisou.<\/p>\n\n\n\n<p>O comandante do Corpo de Bombeiros Militar, coronel Nelzito, alertou para os fen\u00f4menos naturais que v\u00eam ocorrendo e provocando desastres. \u201cEstamos testemunhando cada vez mais desastres naturais no mundo todo, como tamb\u00e9m no Brasil\u201d, observou.<\/p>\n\n\n\n<p>Diante de tantos epis\u00f3dios de desastres naturais que v\u00eam ocorrendo, o superintendente de Tr\u00e2nsito, Ricardo Cunha, parabenizou todos os profissionais que comp\u00f5em a rede de Defesa Civil. \u201cTemos que dar valor \u00e0queles que d\u00e3o a vida para salvar vidas\u201d, observou.<\/p>\n\n\n\n<p>Tamb\u00e9m estiveram presentes o vice-prefeito e secret\u00e1rio de Educa\u00e7\u00e3o, Pablo Roberto, e o secret\u00e1rio de Comunica\u00e7\u00e3o, Joilton Freitas, al\u00e9m de representantes e membros de diversos \u00f3rg\u00e3os de seguran\u00e7a p\u00fablica com atua\u00e7\u00e3o em Feira de Santana. <em><strong>(SECOM\/PMFS)<\/strong><\/em><\/p>\n","protected":false},"excerpt":{"rendered":"<p>O prefeito Jos\u00e9 Ronaldo de Carvalho ressaltou a import\u00e2ncia da iniciativa visando \u00e0 defini\u00e7\u00e3o de&hellip;<\/p>\n","protected":false},"author":2,"featured_media":24282,"comment_status":"open","ping_status":"open","sticky":false,"template":"","format":"standard","meta":{"footnotes":""},"categories":[58],"tags":[],"class_list":["post-24281","post","type-post","status-publish","format-standard","has-post-thumbnail","hentry","category-feira-de-santana"],"_links":{"self":[{"href":"https:\/\/atitudenoticias.com.br\/index.php?rest_route=\/wp\/v2\/posts\/24281","targetHints":{"allow":["GET"]}}],"collection":[{"href":"https:\/\/atitudenoticias.com.br\/index.php?rest_route=\/wp\/v2\/posts"}],"about":[{"href":"https:\/\/atitudenoticias.com.br\/index.php?rest_route=\/wp\/v2\/types\/post"}],"author":[{"embeddable":true,"href":"https:\/\/atitudenoticias.com.br\/index.php?rest_route=\/wp\/v2\/users\/2"}],"replies":[{"embeddable":true,"href":"https:\/\/atitudenoticias.com.br\/index.php?rest_route=%2Fwp%2Fv2%2Fcomments&post=24281"}],"version-history":[{"count":1,"href":"https:\/\/atitudenoticias.com.br\/index.php?rest_route=\/wp\/v2\/posts\/24281\/revisions"}],"predecessor-version":[{"id":24283,"href":"https:\/\/atitudenoticias.com.br\/index.php?rest_route=\/wp\/v2\/posts\/24281\/revisions\/24283"}],"wp:featuredmedia":[{"embeddable":true,"href":"https:\/\/atitudenoticias.com.br\/index.php?rest_route=\/wp\/v2\/media\/24282"}],"wp:attachment":[{"href":"https:\/\/atitudenoticias.com.br\/index.php?rest_route=%2Fwp%2Fv2%2Fmedia&parent=24281"}],"wp:term":[{"taxonomy":"category","embeddable":true,"href":"https:\/\/atitudenoticias.com.br\/index.php?rest_route=%2Fwp%2Fv2%2Fcategories&post=24281"},{"taxonomy":"post_tag","embeddable":true,"href":"https:\/\/atitudenoticias.com.br\/index.php?rest_route=%2Fwp%2Fv2%2Ftags&post=24281"}],"curies":[{"name":"wp","href":"https:\/\/api.w.org\/{rel}","templated":true}]}}