{"id":24284,"date":"2026-03-12T12:08:30","date_gmt":"2026-03-12T15:08:30","guid":{"rendered":"https:\/\/atitudenoticias.com.br\/?p=24284"},"modified":"2026-03-12T12:09:21","modified_gmt":"2026-03-12T15:09:21","slug":"24284","status":"publish","type":"post","link":"https:\/\/atitudenoticias.com.br\/?p=24284","title":{"rendered":"Justi\u00e7a Federal condena ex-gerente da Caixa por fraude em empr\u00e9stimos com uso de nomes de familiares"},"content":{"rendered":"\n<p><\/p>\n\n\n\n<p>A Justi\u00e7a Federal em Feira de Santana condenou um ex-empregado da Caixa Econ\u00f4mica Federal por pr\u00e1tica de improbidade administrativa ap\u00f3s constatar que ele utilizou familiares para realizar opera\u00e7\u00f5es de cr\u00e9dito fraudulentas com o objetivo de obter vantagem financeira. A decis\u00e3o \u00e9 da 2\u00aa Vara Federal em a\u00e7\u00e3o movida pelo Minist\u00e9rio P\u00fablico Federal (MPF). Conforme a senten\u00e7a, o servidor, identificado pelas iniciais A.L.A., atuava como gerente de atendimento e teria utilizado os nomes de parentes para contratar empr\u00e9stimos e renegocia\u00e7\u00f5es de cr\u00e9dito cujos valores eram revertidos em benef\u00edcio pr\u00f3prio.\u00a0<\/p>\n\n\n\n<p>De acordo com a investiga\u00e7\u00e3o, entre 2015 e 2017 foram realizadas diversas opera\u00e7\u00f5es de cr\u00e9dito em nome de familiares do acusado, incluindo pais, esposa e filha, caracterizadas como opera\u00e7\u00f5es de \u201cfachada\u201d. Tamb\u00e9m foi apontada a realiza\u00e7\u00e3o de contratos com informa\u00e7\u00f5es falsas e at\u00e9 falsifica\u00e7\u00e3o de assinaturas. O dano inicial estimado \u00e0 institui\u00e7\u00e3o financeira foi de R$ 105,6 mil, valor que ainda ser\u00e1 atualizado em fase de liquida\u00e7\u00e3o. A Justi\u00e7a considerou que houve enriquecimento il\u00edcito e preju\u00edzo ao er\u00e1rio, destacando a gravidade das condutas, a repeti\u00e7\u00e3o das fraudes e o uso do cargo para viabilizar os atos.<\/p>\n\n\n\n<p>Na decis\u00e3o, a Justi\u00e7a Federal determinou o ressarcimento integral do dano, suspens\u00e3o dos direitos pol\u00edticos do r\u00e9u por 10 anos, pagamento de multa civil equivalente ao valor do preju\u00edzo e proibi\u00e7\u00e3o de contratar com o poder p\u00fablico ou receber incentivos fiscais e credit\u00edcios pelo mesmo per\u00edodo. Tamb\u00e9m foi estabelecida a perda de eventual fun\u00e7\u00e3o p\u00fablica que ele esteja exercendo e a possibilidade de confisco de bens adquiridos ilicitamente, caso sejam identificados. Ap\u00f3s o tr\u00e2nsito em julgado, o nome do condenado dever\u00e1 ser inclu\u00eddo no Cadastro Nacional de Condena\u00e7\u00f5es por Ato de Improbidade Administrativa.<\/p>\n\n\n\n<p><em><strong>(Por: Jair Onofre\/ Bahia na Politica)<\/strong><\/em><\/p>\n","protected":false},"excerpt":{"rendered":"<p>A Justi\u00e7a Federal em Feira de Santana condenou um ex-empregado da Caixa Econ\u00f4mica Federal por&hellip;<\/p>\n","protected":false},"author":2,"featured_media":10977,"comment_status":"open","ping_status":"open","sticky":false,"template":"","format":"standard","meta":{"footnotes":""},"categories":[62],"tags":[],"class_list":["post-24284","post","type-post","status-publish","format-standard","has-post-thumbnail","hentry","category-justica"],"_links":{"self":[{"href":"https:\/\/atitudenoticias.com.br\/index.php?rest_route=\/wp\/v2\/posts\/24284","targetHints":{"allow":["GET"]}}],"collection":[{"href":"https:\/\/atitudenoticias.com.br\/index.php?rest_route=\/wp\/v2\/posts"}],"about":[{"href":"https:\/\/atitudenoticias.com.br\/index.php?rest_route=\/wp\/v2\/types\/post"}],"author":[{"embeddable":true,"href":"https:\/\/atitudenoticias.com.br\/index.php?rest_route=\/wp\/v2\/users\/2"}],"replies":[{"embeddable":true,"href":"https:\/\/atitudenoticias.com.br\/index.php?rest_route=%2Fwp%2Fv2%2Fcomments&post=24284"}],"version-history":[{"count":2,"href":"https:\/\/atitudenoticias.com.br\/index.php?rest_route=\/wp\/v2\/posts\/24284\/revisions"}],"predecessor-version":[{"id":24286,"href":"https:\/\/atitudenoticias.com.br\/index.php?rest_route=\/wp\/v2\/posts\/24284\/revisions\/24286"}],"wp:featuredmedia":[{"embeddable":true,"href":"https:\/\/atitudenoticias.com.br\/index.php?rest_route=\/wp\/v2\/media\/10977"}],"wp:attachment":[{"href":"https:\/\/atitudenoticias.com.br\/index.php?rest_route=%2Fwp%2Fv2%2Fmedia&parent=24284"}],"wp:term":[{"taxonomy":"category","embeddable":true,"href":"https:\/\/atitudenoticias.com.br\/index.php?rest_route=%2Fwp%2Fv2%2Fcategories&post=24284"},{"taxonomy":"post_tag","embeddable":true,"href":"https:\/\/atitudenoticias.com.br\/index.php?rest_route=%2Fwp%2Fv2%2Ftags&post=24284"}],"curies":[{"name":"wp","href":"https:\/\/api.w.org\/{rel}","templated":true}]}}