{"id":24287,"date":"2026-03-10T12:19:59","date_gmt":"2026-03-10T15:19:59","guid":{"rendered":"https:\/\/atitudenoticias.com.br\/?p=24287"},"modified":"2026-03-12T12:20:25","modified_gmt":"2026-03-12T15:20:25","slug":"prefeitura-reune-empresarios-para-discutir-regularizacao-de-outdoors-e-combater-poluicao-visual-em-feira","status":"publish","type":"post","link":"https:\/\/atitudenoticias.com.br\/?p=24287","title":{"rendered":"Prefeitura re\u00fane empres\u00e1rios para discutir regulariza\u00e7\u00e3o de outdoors e combater polui\u00e7\u00e3o visual em Feira"},"content":{"rendered":"\n<p class=\"has-text-align-center\"><em><strong>A pauta principal foi o combate \u00e0 polui\u00e7\u00e3o visual e a necessidade de cumprimento das normas estabelecidas no Decreto Municipal n\u00ba 13.746<\/strong><\/em><\/p>\n\n\n\n<p>A Prefeitura de Feira de Santana, por meio da Secretaria Municipal de Meio Ambiente, promoveu na tarde desta ter\u00e7a-feira (10) uma reuni\u00e3o com representantes de empresas de publicidade exterior para discutir a organiza\u00e7\u00e3o e regulariza\u00e7\u00e3o da instala\u00e7\u00e3o de outdoors, pain\u00e9is eletr\u00f4nicos e outros tipos de propaganda na cidade.<\/p>\n\n\n\n<p>O encontro contou com a presen\u00e7a da secret\u00e1ria municipal de Meio Ambiente e Recursos Naturais, Jaciara Costa, al\u00e9m de empres\u00e1rios do setor publicit\u00e1rio que atuam com m\u00eddia no munic\u00edpio. A pauta principal foi o combate \u00e0 polui\u00e7\u00e3o visual e a necessidade de cumprimento das normas estabelecidas no Decreto Municipal n\u00ba 13.746, que regulamenta a exibi\u00e7\u00e3o de publicidade em outdoors e pain\u00e9is eletr\u00f4nicos.<\/p>\n\n\n\n<p>De acordo com a secret\u00e1ria, o objetivo da reuni\u00e3o foi alinhar orienta\u00e7\u00f5es e organizar o setor para que a publicidade na cidade ocorra de forma legal e ordenada.<\/p>\n\n\n\n<p>\u201cEssa reuni\u00e3o \u00e9 de suma import\u00e2ncia para que possamos reunir os empres\u00e1rios e organizar a utiliza\u00e7\u00e3o desses pain\u00e9is eletr\u00f4nicos e outdoors. A gente percebe que muitas pessoas est\u00e3o trabalhando de forma aleat\u00f3ria, chegam, colocam suas placas e fazem suas publicidades sem dar nenhuma satisfa\u00e7\u00e3o. Para ter uma cidade bem organizada, sem polui\u00e7\u00e3o visual, \u00e9 preciso organiza\u00e7\u00e3o\u201d, destacou.<\/p>\n\n\n\n<p>Segundo ela, os empres\u00e1rios foram advertidos sobre a necessidade de regularizar as estruturas j\u00e1 instaladas. A Secretaria concedeu um prazo de 60 dias, a partir desta ter\u00e7a-feira (10), para que as empresas procurem o \u00f3rg\u00e3o e iniciem o processo de legaliza\u00e7\u00e3o.<\/p>\n\n\n\n<p>\u201cA partir de hoje eles t\u00eam 60 dias para se organizar e procurar a Secretaria de Meio Ambiente, na diretoria respons\u00e1vel pelo protocolo e legaliza\u00e7\u00e3o dos processos. Ap\u00f3s esse prazo, come\u00e7aremos a aplicar multas e outras penalidades previstas\u201d, explicou a secret\u00e1ria.<\/p>\n\n\n\n<p>Durante o encontro, tamb\u00e9m foi apresentado o conte\u00fado do decreto municipal que estabelece regras para instala\u00e7\u00e3o e funcionamento de outdoors, pain\u00e9is eletr\u00f4nicos e outros engenhos publicit\u00e1rios. A norma determina, por exemplo, crit\u00e9rios de localiza\u00e7\u00e3o, tamanho das estruturas, distanciamento entre equipamentos e a obrigatoriedade de autoriza\u00e7\u00e3o pr\u00e9via do munic\u00edpio, al\u00e9m do pagamento das taxas correspondentes.<\/p>\n\n\n\n<p>Representando o setor empresarial, a empres\u00e1ria Marlilda Cruz avaliou positivamente o di\u00e1logo promovido pela prefeitura.<\/p>\n\n\n\n<p>\u201cHoje vemos que a Secretaria de Meio Ambiente tem se preocupado com o setor de outdoor. A motiva\u00e7\u00e3o da reuni\u00e3o foi justamente essa: buscar a legaliza\u00e7\u00e3o. A secretaria nos apresentou a legisla\u00e7\u00e3o, que muitos ainda n\u00e3o conheciam, e vamos trabalhar em cima disso para regularizar as atividades\u201d, afirmou.<em><strong> (SECOM\/PMFS)<\/strong><\/em><\/p>\n","protected":false},"excerpt":{"rendered":"<p>A pauta principal foi o combate \u00e0 polui\u00e7\u00e3o visual e a necessidade de cumprimento das&hellip;<\/p>\n","protected":false},"author":2,"featured_media":24288,"comment_status":"open","ping_status":"open","sticky":false,"template":"","format":"standard","meta":{"footnotes":""},"categories":[58],"tags":[],"class_list":["post-24287","post","type-post","status-publish","format-standard","has-post-thumbnail","hentry","category-feira-de-santana"],"_links":{"self":[{"href":"https:\/\/atitudenoticias.com.br\/index.php?rest_route=\/wp\/v2\/posts\/24287","targetHints":{"allow":["GET"]}}],"collection":[{"href":"https:\/\/atitudenoticias.com.br\/index.php?rest_route=\/wp\/v2\/posts"}],"about":[{"href":"https:\/\/atitudenoticias.com.br\/index.php?rest_route=\/wp\/v2\/types\/post"}],"author":[{"embeddable":true,"href":"https:\/\/atitudenoticias.com.br\/index.php?rest_route=\/wp\/v2\/users\/2"}],"replies":[{"embeddable":true,"href":"https:\/\/atitudenoticias.com.br\/index.php?rest_route=%2Fwp%2Fv2%2Fcomments&post=24287"}],"version-history":[{"count":1,"href":"https:\/\/atitudenoticias.com.br\/index.php?rest_route=\/wp\/v2\/posts\/24287\/revisions"}],"predecessor-version":[{"id":24289,"href":"https:\/\/atitudenoticias.com.br\/index.php?rest_route=\/wp\/v2\/posts\/24287\/revisions\/24289"}],"wp:featuredmedia":[{"embeddable":true,"href":"https:\/\/atitudenoticias.com.br\/index.php?rest_route=\/wp\/v2\/media\/24288"}],"wp:attachment":[{"href":"https:\/\/atitudenoticias.com.br\/index.php?rest_route=%2Fwp%2Fv2%2Fmedia&parent=24287"}],"wp:term":[{"taxonomy":"category","embeddable":true,"href":"https:\/\/atitudenoticias.com.br\/index.php?rest_route=%2Fwp%2Fv2%2Fcategories&post=24287"},{"taxonomy":"post_tag","embeddable":true,"href":"https:\/\/atitudenoticias.com.br\/index.php?rest_route=%2Fwp%2Fv2%2Ftags&post=24287"}],"curies":[{"name":"wp","href":"https:\/\/api.w.org\/{rel}","templated":true}]}}