{"id":24291,"date":"2026-03-11T12:34:29","date_gmt":"2026-03-11T15:34:29","guid":{"rendered":"https:\/\/atitudenoticias.com.br\/?p=24291"},"modified":"2026-03-12T12:34:51","modified_gmt":"2026-03-12T15:34:51","slug":"licitacao-para-construcao-do-hospital-municipal-sera-realizada-nos-dias-11-e-15-de-maio-na-bolsa-de-valores","status":"publish","type":"post","link":"https:\/\/atitudenoticias.com.br\/?p=24291","title":{"rendered":"Licita\u00e7\u00e3o para constru\u00e7\u00e3o do Hospital Municipal ser\u00e1 realizada nos dias 11 e 15 de maio na Bolsa de Valores"},"content":{"rendered":"\n<p class=\"has-text-align-center\"><em><strong>Tamb\u00e9m foram apresentados os detalhes do projeto final de constru\u00e7\u00e3o e opera\u00e7\u00e3o do novo equipamento de sa\u00fade<\/strong><\/em><\/p>\n\n\n\n<p>O prefeito Jos\u00e9 Ronaldo de Carvalho apresentou, na manh\u00e3 desta ter\u00e7a-feira (10), o projeto final para constru\u00e7\u00e3o do hospital municipal de Feira de Santana e anunciou que o edital de licita\u00e7\u00e3o ser\u00e1 publicado no Di\u00e1rio Oficial Eletr\u00f4nico, edi\u00e7\u00e3o de amanh\u00e3 (11). A licita\u00e7\u00e3o vai ocorrer na Bolsa de Valores de S\u00e3o Paulo, nos dias 11 e 15 de maio.<\/p>\n\n\n\n<p>Durante coletiva de imprensa realizada no Pa\u00e7o Municipal Maria Quit\u00e9ria tamb\u00e9m foram apresentados os detalhes do projeto final de constru\u00e7\u00e3o e opera\u00e7\u00e3o do novo equipamento de sa\u00fade.<\/p>\n\n\n\n<p>A coletiva contou com a presen\u00e7a do vice-prefeito Pablo Roberto, do titular da Sa\u00fade, Rodrigo Matos, entre outros secret\u00e1rios municipais, vereadores e representantes da Funda\u00e7\u00e3o Escola de Sociologia e Pol\u00edtica de S\u00e3o Paulo (Fesp), institui\u00e7\u00e3o respons\u00e1vel pela consultoria t\u00e9cnica do projeto.<\/p>\n\n\n\n<p>\u201cForam dez meses de muito trabalho para chegarmos a este momento. Hoje assinamos o edital de licita\u00e7\u00e3o para a constru\u00e7\u00e3o do hospital municipal, por meio de uma parceria p\u00fablico-privada. \u00c9 um projeto ousado, que representa um sonho para Feira de Santana e que exigir\u00e1 sintonia entre munic\u00edpio, estado e Uni\u00e3o para se tornar realidade. Estamos dando hoje um passo concreto para que esse sonho se transforme em um equipamento que ampliar\u00e1 a assist\u00eancia \u00e0 sa\u00fade da popula\u00e7\u00e3o\u201d, afirmou o prefeito Jos\u00e9 Ronaldo de Carvalho.<\/p>\n\n\n\n<p>Com or\u00e7amento inicial de R$ 286 milh\u00f5es para constru\u00e7\u00e3o e aquisi\u00e7\u00e3o de equipamentos, o hospital ter\u00e1 uma \u00e1rea total de 13.675,82 metros quadrados e ser\u00e1 implantado por meio de uma Parceria P\u00fablico-Privada (PPP), na modalidade de concess\u00e3o administrativa, com prazo de 22 anos. A expectativa da gest\u00e3o municipal \u00e9 que a unidade esteja conclu\u00edda e em funcionamento at\u00e9 2028.<\/p>\n\n\n\n<p>O equipamento contar\u00e1 com 110 leitos \u2014 sendo 100 especializados e 10 de UTI adulto \u2014 e ser\u00e1 totalmente integrado ao Sistema \u00danico de Sa\u00fade (SUS). A estrutura incluir\u00e1 oito leitos de observa\u00e7\u00e3o, enfermarias distribu\u00eddas em dois blocos com 96 leitos no total, quatro salas de isolamento, al\u00e9m de oito leitos de UTI e outros dois de isolamento intensivo.<\/p>\n\n\n\n<p>O hospital tamb\u00e9m ter\u00e1 duas salas cir\u00fargicas de grande porte, sala de manipula\u00e7\u00e3o de nutri\u00e7\u00e3o parental na farm\u00e1cia e espa\u00e7o para treinamentos e reuni\u00f5es com capacidade para at\u00e9 80 pessoas, al\u00e9m de centro cir\u00fargico voltado para procedimentos de ortopedia e cirurgia geral.<\/p>\n\n\n\n<p>De acordo com o secret\u00e1rio municipal de Sa\u00fade, Rodrigo Matos, a unidade ser\u00e1 voltada principalmente para cirurgias eletivas e atendimentos de m\u00e9dia e alta complexidade.&nbsp;<\/p>\n\n\n\n<p>\u201cO novo hospital representa uma solu\u00e7\u00e3o estruturante para a sa\u00fade p\u00fablica de Feira de Santana. \u00c9 uma obra pensada para enfrentar desafios hist\u00f3ricos da rede assistencial. Sem d\u00favida, essa unidade vai ampliar a capacidade de atendimento do munic\u00edpio e melhorar o acesso da popula\u00e7\u00e3o aos servi\u00e7os de sa\u00fade\u201d, afirmou o titular da pasta.&nbsp;<\/p>\n\n\n\n<p>Outro destaque ser\u00e1 o parque tecnol\u00f3gico de bioimagem, que ofertar\u00e1 exames como tomografia, resson\u00e2ncia magn\u00e9tica, ultrassonografia e ecocardiografia. \u201cVamos ampliar significativamente a capacidade diagn\u00f3stica da rede\u201d, acrescentou Rodrigo Matos.<\/p>\n\n\n\n<p>Al\u00e9m disso, a unidade contar\u00e1 com enfermaria destinada ao acolhimento de pacientes com transtornos mentais, ampliando o acesso aos servi\u00e7os de sa\u00fade mental.&nbsp;<\/p>\n\n\n\n<p>O projeto prev\u00ea ainda a implanta\u00e7\u00e3o de um ambulat\u00f3rio com diversas especialidades m\u00e9dicas, fortalecendo o atendimento de m\u00e9dia complexidade no munic\u00edpio. Ainda, estacionamento com 60 vagas para carros e 20 para motos.&nbsp;<\/p>\n\n\n\n<p><strong>SETORIZA\u00c7\u00c3O VERTICAL<\/strong><\/p>\n\n\n\n<p>O projeto do novo hospital foi planejado com uma estrutura vertical distribu\u00edda em tr\u00eas pavimentos, organizados para garantir maior efici\u00eancia no atendimento e na circula\u00e7\u00e3o de pacientes e profissionais de sa\u00fade.&nbsp;<\/p>\n\n\n\n<p>No t\u00e9rreo estar\u00e3o concentrados servi\u00e7os de acesso mais imediato \u00e0 popula\u00e7\u00e3o, como recep\u00e7\u00f5es, atendimento ambulatorial e atendimento imediato. O pavimento tamb\u00e9m contar\u00e1 com \u00e1rea de bioimagem, Servi\u00e7o de Nutri\u00e7\u00e3o e Diet\u00e9tica (SND), estacionamento, al\u00e9m de setores de apoio log\u00edstico e anexos necess\u00e1rios para o funcionamento da unidade.<\/p>\n\n\n\n<p>O primeiro pavimento ser\u00e1 destinado principalmente \u00e0 interna\u00e7\u00e3o, com 50 leitos, al\u00e9m de uma Unidade de Terapia Intensiva (UTI) com 10 leitos, patologia cl\u00ednica, recep\u00e7\u00e3o e administrativo.&nbsp;<\/p>\n\n\n\n<p>J\u00e1 o segundo pavimento tamb\u00e9m ter\u00e1 50 leitos de interna\u00e7\u00e3o e abrigar\u00e1 o centro cir\u00fargico, setores de apoio t\u00e9cnico, espa\u00e7os voltados ao ensino e \u00e0 pesquisa, al\u00e9m de \u00e1reas de recep\u00e7\u00e3o e circula\u00e7\u00e3o, garantindo suporte completo \u00e0s atividades hospitalares<em><strong>. (SECOM\/PMFS)<\/strong><\/em><\/p>\n","protected":false},"excerpt":{"rendered":"<p>Tamb\u00e9m foram apresentados os detalhes do projeto final de constru\u00e7\u00e3o e opera\u00e7\u00e3o do novo equipamento&hellip;<\/p>\n","protected":false},"author":2,"featured_media":24292,"comment_status":"open","ping_status":"open","sticky":false,"template":"","format":"standard","meta":{"footnotes":""},"categories":[58,25],"tags":[],"class_list":["post-24291","post","type-post","status-publish","format-standard","has-post-thumbnail","hentry","category-feira-de-santana","category-saude"],"_links":{"self":[{"href":"https:\/\/atitudenoticias.com.br\/index.php?rest_route=\/wp\/v2\/posts\/24291","targetHints":{"allow":["GET"]}}],"collection":[{"href":"https:\/\/atitudenoticias.com.br\/index.php?rest_route=\/wp\/v2\/posts"}],"about":[{"href":"https:\/\/atitudenoticias.com.br\/index.php?rest_route=\/wp\/v2\/types\/post"}],"author":[{"embeddable":true,"href":"https:\/\/atitudenoticias.com.br\/index.php?rest_route=\/wp\/v2\/users\/2"}],"replies":[{"embeddable":true,"href":"https:\/\/atitudenoticias.com.br\/index.php?rest_route=%2Fwp%2Fv2%2Fcomments&post=24291"}],"version-history":[{"count":1,"href":"https:\/\/atitudenoticias.com.br\/index.php?rest_route=\/wp\/v2\/posts\/24291\/revisions"}],"predecessor-version":[{"id":24293,"href":"https:\/\/atitudenoticias.com.br\/index.php?rest_route=\/wp\/v2\/posts\/24291\/revisions\/24293"}],"wp:featuredmedia":[{"embeddable":true,"href":"https:\/\/atitudenoticias.com.br\/index.php?rest_route=\/wp\/v2\/media\/24292"}],"wp:attachment":[{"href":"https:\/\/atitudenoticias.com.br\/index.php?rest_route=%2Fwp%2Fv2%2Fmedia&parent=24291"}],"wp:term":[{"taxonomy":"category","embeddable":true,"href":"https:\/\/atitudenoticias.com.br\/index.php?rest_route=%2Fwp%2Fv2%2Fcategories&post=24291"},{"taxonomy":"post_tag","embeddable":true,"href":"https:\/\/atitudenoticias.com.br\/index.php?rest_route=%2Fwp%2Fv2%2Ftags&post=24291"}],"curies":[{"name":"wp","href":"https:\/\/api.w.org\/{rel}","templated":true}]}}