{"id":24301,"date":"2026-03-12T00:03:45","date_gmt":"2026-03-12T03:03:45","guid":{"rendered":"https:\/\/atitudenoticias.com.br\/?p=24301"},"modified":"2026-03-12T22:04:58","modified_gmt":"2026-03-13T01:04:58","slug":"fernando-torres-para-vice-na-chapa-de-jeronimo-rodrigues-em-2026-pelo-psd","status":"publish","type":"post","link":"https:\/\/atitudenoticias.com.br\/?p=24301","title":{"rendered":"Fernando Torres para vice na chapa de Jer\u00f4nimo Rodrigues em 2026 pelo PSD"},"content":{"rendered":"\n<p><\/p>\n\n\n\n<p>O empres\u00e1rio e ex-deputado federal Fernando Torres pode ser um nome de Feira de Santana para integrar a chapa majorit\u00e1ria do governador Jer\u00f4nimo Rodrigues (PT) nas elei\u00e7\u00f5es estaduais de 2026 como vice-governador. Apura\u00e7\u00e3o feita pelo\u00a0<strong><em>site Bahia na Pol\u00edtica<\/em><\/strong>\u00a0mostra que Jer\u00f4nimo Rodrigues resolveria dois grandes problemas. Acomodaria o PSD de Otto Alencar e traria para a chapa um nome da maior cidade do interior baiano. N\u00e3o custa lembrar que o PT n\u00e3o ganha para governador h\u00e1 duas elei\u00e7\u00f5es (2018 e 2022) em Feira de Santana.<\/p>\n\n\n\n<p>O movimento ocorre em meio \u00e0s discuss\u00f5es sobre a composi\u00e7\u00e3o da alian\u00e7a liderada pelo PT na Bahia. O ex-governador e atual ministro da Casa Civil do governo Lula (PT), Rui Costa (PT), \u00e9 pr\u00e9-candidato ao Senado na mesma chapa. A eventual entrada de Fernando Torres (PSD) como vice fortaleceria a participa\u00e7\u00e3o do partido de Otto Alencar na majorit\u00e1ria e ampliaria o espa\u00e7o do PSD dentro do grupo pol\u00edtico que governa o estado.<\/p>\n\n\n\n<p>Natural de Feira de Santana, Fernando Torres (PSD) tem trajet\u00f3ria consolidada na pol\u00edtica baiana. Ele j\u00e1 foi vereador e presidente da C\u00e2mara Municipal de Feira de Santana, al\u00e9m de ter exercido mandatos de deputado estadual e deputado federal em duas oportunidades. Tamb\u00e9m ocupou o cargo de secret\u00e1rio estadual de Desenvolvimento Urbano da Bahia (Sedur) durante o governo Rui Costa (PT). Empres\u00e1rio e lideran\u00e7a pol\u00edtica da regi\u00e3o, Torres surge como um nome que pode representar renova\u00e7\u00e3o e ampliar o alcance pol\u00edtico da chapa governista na disputa de 2026.<\/p>\n\n\n\n<p><em><strong>(Por: Jair Onofre\/Bahia na Politica)<\/strong><\/em><\/p>\n","protected":false},"excerpt":{"rendered":"<p>O empres\u00e1rio e ex-deputado federal Fernando Torres pode ser um nome de Feira de Santana&hellip;<\/p>\n","protected":false},"author":2,"featured_media":1680,"comment_status":"open","ping_status":"open","sticky":false,"template":"","format":"standard","meta":{"footnotes":""},"categories":[30],"tags":[],"class_list":["post-24301","post","type-post","status-publish","format-standard","has-post-thumbnail","hentry","category-politica"],"_links":{"self":[{"href":"https:\/\/atitudenoticias.com.br\/index.php?rest_route=\/wp\/v2\/posts\/24301","targetHints":{"allow":["GET"]}}],"collection":[{"href":"https:\/\/atitudenoticias.com.br\/index.php?rest_route=\/wp\/v2\/posts"}],"about":[{"href":"https:\/\/atitudenoticias.com.br\/index.php?rest_route=\/wp\/v2\/types\/post"}],"author":[{"embeddable":true,"href":"https:\/\/atitudenoticias.com.br\/index.php?rest_route=\/wp\/v2\/users\/2"}],"replies":[{"embeddable":true,"href":"https:\/\/atitudenoticias.com.br\/index.php?rest_route=%2Fwp%2Fv2%2Fcomments&post=24301"}],"version-history":[{"count":2,"href":"https:\/\/atitudenoticias.com.br\/index.php?rest_route=\/wp\/v2\/posts\/24301\/revisions"}],"predecessor-version":[{"id":24303,"href":"https:\/\/atitudenoticias.com.br\/index.php?rest_route=\/wp\/v2\/posts\/24301\/revisions\/24303"}],"wp:featuredmedia":[{"embeddable":true,"href":"https:\/\/atitudenoticias.com.br\/index.php?rest_route=\/wp\/v2\/media\/1680"}],"wp:attachment":[{"href":"https:\/\/atitudenoticias.com.br\/index.php?rest_route=%2Fwp%2Fv2%2Fmedia&parent=24301"}],"wp:term":[{"taxonomy":"category","embeddable":true,"href":"https:\/\/atitudenoticias.com.br\/index.php?rest_route=%2Fwp%2Fv2%2Fcategories&post=24301"},{"taxonomy":"post_tag","embeddable":true,"href":"https:\/\/atitudenoticias.com.br\/index.php?rest_route=%2Fwp%2Fv2%2Ftags&post=24301"}],"curies":[{"name":"wp","href":"https:\/\/api.w.org\/{rel}","templated":true}]}}