{"id":24305,"date":"2026-03-13T11:56:27","date_gmt":"2026-03-13T14:56:27","guid":{"rendered":"https:\/\/atitudenoticias.com.br\/?p=24305"},"modified":"2026-03-13T11:56:29","modified_gmt":"2026-03-13T14:56:29","slug":"camisa-azul-da-selecao-para-a-copa-do-mundo-tem-estampa-inspirada-na-fauna-brasileira","status":"publish","type":"post","link":"https:\/\/atitudenoticias.com.br\/?p=24305","title":{"rendered":"Camisa azul da Sele\u00e7\u00e3o para a Copa do Mundo tem estampa inspirada na fauna brasileira"},"content":{"rendered":"\n<p class=\"has-text-align-center\"><strong><em>O Brasil vai estrear o novo uniforme na primeira partida da Sele\u00e7\u00e3o em 2026: o amistoso contra a Fran\u00e7a, nos Estados Unidos.<\/em><\/strong><\/p>\n\n\n\n<p class=\"has-text-align-left\"><br>A Confedera\u00e7\u00e3o Brasileira de Futebol revelou nesta quinta-feira (12) a camisa azul da Sele\u00e7\u00e3o. Faltam 91 dias para a Copa do Mundo.<\/p>\n\n\n\n<p>O Brasil vai usar roupa nova no evento mais aguardado do ano. O segundo uniforme da equipe foi lan\u00e7ado nesta quinta-feira (12) \u00e0 noite, em S\u00e3o Paulo, com a presen\u00e7a de Ronaldinho Ga\u00facho.&nbsp;Com uma identidade renovada e uma estampa baseada na fauna brasileira, o azul veio acompanhado de tons de preto.<\/p>\n\n\n\n<p class=\"has-text-align-left\">\u00c9 mais uma transforma\u00e7\u00e3o em uma camisa que j\u00e1 teve v\u00e1rias inspira\u00e7\u00f5es ao longo do tempo. Foi com ela que o Brasil conquistou o primeiro t\u00edtulo mundial, em 1958, na partida em que um jovem Pel\u00e9 marcou um dos gols mais bonitos da hist\u00f3ria.<\/p>\n\n\n\n<blockquote class=\"wp-block-quote is-layout-flow wp-block-quote-is-layout-flow\">\n<p>&#8220;A sele\u00e7\u00e3o finalista era a Su\u00e9cia, que fez quest\u00e3o absoluta de jogar de amarelo. Ent\u00e3o, o Brasil entrou com a camisa azul. Eu me lembro que os dirigentes comentaram: &#8216;<em>Azul \u00e9 a cor do c\u00e9u, e o c\u00e9u vai nos proteger, vai ser o c\u00e9u brasileiro. E n\u00f3s vamos ganhar essa Copa'&#8221;,&nbsp;<\/em>conta Pepe, campe\u00e3o do mundo em 1958 e 1962.<\/p>\n<\/blockquote>\n\n\n\n<p>O chefe da delega\u00e7\u00e3o na \u00e9poca, Paulo de Machado de Carvalho, teria celebrado jogar de azul em refer\u00eancia ao manto de Nossa Senhora Aparecida, padroeira do Brasil.<\/p>\n\n\n\n<p>O uniforme foi usado em outros mundiais tamb\u00e9m, com um retrospecto bem positivo: 12 jogos, oito vit\u00f3rias, um empate e tr\u00eas derrotas. Como esquecer as classifica\u00e7\u00f5es nas quartas e na semifinal da Copa de 1994: Ou o jogo contra a Inglaterra nas quartas de final de 2002?<\/p>\n\n\n\n<blockquote class=\"wp-block-quote is-layout-flow wp-block-quote-is-layout-flow\">\n<p>&#8220;Sa\u00edmos perdendo de 1 a 0. Depois, o Ronaldinho d\u00e1 aquela arrancada sensacional, o Rivaldo faz o gol de empate antes de terminar o primeiro tempo. Depois, n\u00f3s conseguimos virar com aquele gola\u00e7o do Ronaldinho Ga\u00facho, marcado na nossa trajet\u00f3ria do penta. E fico feliz de que essa camisa est\u00e1 maravilhosa, com tanta tradi\u00e7\u00e3o e hist\u00f3ria&#8221;, diz Edm\u00edlson, campe\u00e3o do mundo em 2002.<\/p>\n<\/blockquote>\n\n\n\n<p>O Brasil j\u00e1 tem data para estrear o novo uniforme: na primeira partida da Sele\u00e7\u00e3o em 2026, o amistoso contra a Fran\u00e7a, nos Estados Unidos.<\/p>\n\n\n\n<p>A camisa amarela do Mundial ser\u00e1 lan\u00e7ada na semana que vem. A tr\u00eas meses da Copa, o Brasil vai de roupa nova em busca do hexa. <em><strong>(GE)<\/strong><\/em><\/p>\n\n\n\n<p><\/p>\n","protected":false},"excerpt":{"rendered":"<p>O Brasil vai estrear o novo uniforme na primeira partida da Sele\u00e7\u00e3o em 2026: o&hellip;<\/p>\n","protected":false},"author":2,"featured_media":24306,"comment_status":"open","ping_status":"open","sticky":false,"template":"","format":"standard","meta":{"footnotes":""},"categories":[73,26],"tags":[],"class_list":["post-24305","post","type-post","status-publish","format-standard","has-post-thumbnail","hentry","category-copa-do-mundo","category-esportes"],"_links":{"self":[{"href":"https:\/\/atitudenoticias.com.br\/index.php?rest_route=\/wp\/v2\/posts\/24305","targetHints":{"allow":["GET"]}}],"collection":[{"href":"https:\/\/atitudenoticias.com.br\/index.php?rest_route=\/wp\/v2\/posts"}],"about":[{"href":"https:\/\/atitudenoticias.com.br\/index.php?rest_route=\/wp\/v2\/types\/post"}],"author":[{"embeddable":true,"href":"https:\/\/atitudenoticias.com.br\/index.php?rest_route=\/wp\/v2\/users\/2"}],"replies":[{"embeddable":true,"href":"https:\/\/atitudenoticias.com.br\/index.php?rest_route=%2Fwp%2Fv2%2Fcomments&post=24305"}],"version-history":[{"count":1,"href":"https:\/\/atitudenoticias.com.br\/index.php?rest_route=\/wp\/v2\/posts\/24305\/revisions"}],"predecessor-version":[{"id":24307,"href":"https:\/\/atitudenoticias.com.br\/index.php?rest_route=\/wp\/v2\/posts\/24305\/revisions\/24307"}],"wp:featuredmedia":[{"embeddable":true,"href":"https:\/\/atitudenoticias.com.br\/index.php?rest_route=\/wp\/v2\/media\/24306"}],"wp:attachment":[{"href":"https:\/\/atitudenoticias.com.br\/index.php?rest_route=%2Fwp%2Fv2%2Fmedia&parent=24305"}],"wp:term":[{"taxonomy":"category","embeddable":true,"href":"https:\/\/atitudenoticias.com.br\/index.php?rest_route=%2Fwp%2Fv2%2Fcategories&post=24305"},{"taxonomy":"post_tag","embeddable":true,"href":"https:\/\/atitudenoticias.com.br\/index.php?rest_route=%2Fwp%2Fv2%2Ftags&post=24305"}],"curies":[{"name":"wp","href":"https:\/\/api.w.org\/{rel}","templated":true}]}}