{"id":24308,"date":"2026-03-13T09:59:55","date_gmt":"2026-03-13T12:59:55","guid":{"rendered":"https:\/\/atitudenoticias.com.br\/?p=24308"},"modified":"2026-03-13T12:00:49","modified_gmt":"2026-03-13T15:00:49","slug":"biblioteca-digital-de-feira-de-santana-reune-mais-de-110-mil-titulos-gratuitos-para-a-populacao","status":"publish","type":"post","link":"https:\/\/atitudenoticias.com.br\/?p=24308","title":{"rendered":"Biblioteca Digital de Feira de Santana re\u00fane mais de 110 mil t\u00edtulos gratuitos para a popula\u00e7\u00e3o"},"content":{"rendered":"\n<p class=\"has-text-align-center\"><em><strong>O acesso \u00e0 Biblioteca Digital pode ser feito por meio do site feiradesantana.tocalivros.com<\/strong><\/em><\/p>\n\n\n\n<p>A popula\u00e7\u00e3o de Feira de Santana conta com mais uma ferramenta de incentivo \u00e0 leitura e ao acesso ao conhecimento. A Biblioteca Municipal disponibiliza gratuitamente uma plataforma digital que re\u00fane milhares de livros e audiolivros, acess\u00edveis pela internet.<\/p>\n\n\n\n<p>O acesso \u00e0 Biblioteca Digital pode ser feito por meio do site&nbsp;<a href=\"http:\/\/feiradesantana.tocalivros.com\/\">feiradesantana.tocalivros.com<\/a>, onde os usu\u00e1rios encontram um amplo acervo virtual. Para utilizar o servi\u00e7o, \u00e9 necess\u00e1rio realizar um cadastro, que permite o acesso tanto de casa quanto nas depend\u00eancias da Biblioteca Municipal Arnold Silva.<\/p>\n\n\n\n<p>A plataforma foi contratada pela Funda\u00e7\u00e3o Municipal de Ci\u00eancia e Tecnologia Egberto Tavares Costa (Funtitec) e faz parte das a\u00e7\u00f5es de incentivo \u00e0 educa\u00e7\u00e3o, \u00e0 leitura e ao acesso \u00e0 informa\u00e7\u00e3o no munic\u00edpio.<\/p>\n\n\n\n<p>De acordo com o diretor-presidente da funda\u00e7\u00e3o, Ant\u00f4nio Carlos Coelho, a iniciativa amplia as possibilidades de acesso ao conhecimento por meio da tecnologia.<\/p>\n\n\n\n<p>\u201cA Biblioteca Digital de Feira de Santana permite que a comunidade tenha acesso gratuito a milhares de t\u00edtulos, entre e-books e audiobooks. \u00c9 uma forma de democratizar o acesso \u00e0 leitura, possibilitando que as pessoas utilizem o celular, o computador ou outros dispositivos para acessar conte\u00fados educativos e culturais\u201d, destacou.<\/p>\n\n\n\n<p>Atualmente, o acervo da plataforma conta com 112.956 t\u00edtulos, sendo 106.825 e-books e 6.131 audiobooks, dispon\u00edveis para leitura e escuta online. O investimento anual realizado pela Funtitec para disponibilizar o servi\u00e7o \u00e9 de R$ 25.149,60.<\/p>\n\n\n\n<p>A Biblioteca Digital integra as a\u00e7\u00f5es de moderniza\u00e7\u00e3o e amplia\u00e7\u00e3o dos servi\u00e7os oferecidos \u00e0 popula\u00e7\u00e3o, permitindo que estudantes, pesquisadores e leitores em geral tenham acesso facilitado a conte\u00fados liter\u00e1rios e educativos, fortalecendo o incentivo \u00e0 leitura em Feira de Santana<em><strong>. (SECOM\/PMFS)<\/strong><\/em><\/p>\n","protected":false},"excerpt":{"rendered":"<p>O acesso \u00e0 Biblioteca Digital pode ser feito por meio do site feiradesantana.tocalivros.com A popula\u00e7\u00e3o&hellip;<\/p>\n","protected":false},"author":2,"featured_media":24309,"comment_status":"open","ping_status":"open","sticky":false,"template":"","format":"standard","meta":{"footnotes":""},"categories":[58,83,34],"tags":[],"class_list":["post-24308","post","type-post","status-publish","format-standard","has-post-thumbnail","hentry","category-feira-de-santana","category-literatura","category-tecnologia"],"_links":{"self":[{"href":"https:\/\/atitudenoticias.com.br\/index.php?rest_route=\/wp\/v2\/posts\/24308","targetHints":{"allow":["GET"]}}],"collection":[{"href":"https:\/\/atitudenoticias.com.br\/index.php?rest_route=\/wp\/v2\/posts"}],"about":[{"href":"https:\/\/atitudenoticias.com.br\/index.php?rest_route=\/wp\/v2\/types\/post"}],"author":[{"embeddable":true,"href":"https:\/\/atitudenoticias.com.br\/index.php?rest_route=\/wp\/v2\/users\/2"}],"replies":[{"embeddable":true,"href":"https:\/\/atitudenoticias.com.br\/index.php?rest_route=%2Fwp%2Fv2%2Fcomments&post=24308"}],"version-history":[{"count":1,"href":"https:\/\/atitudenoticias.com.br\/index.php?rest_route=\/wp\/v2\/posts\/24308\/revisions"}],"predecessor-version":[{"id":24310,"href":"https:\/\/atitudenoticias.com.br\/index.php?rest_route=\/wp\/v2\/posts\/24308\/revisions\/24310"}],"wp:featuredmedia":[{"embeddable":true,"href":"https:\/\/atitudenoticias.com.br\/index.php?rest_route=\/wp\/v2\/media\/24309"}],"wp:attachment":[{"href":"https:\/\/atitudenoticias.com.br\/index.php?rest_route=%2Fwp%2Fv2%2Fmedia&parent=24308"}],"wp:term":[{"taxonomy":"category","embeddable":true,"href":"https:\/\/atitudenoticias.com.br\/index.php?rest_route=%2Fwp%2Fv2%2Fcategories&post=24308"},{"taxonomy":"post_tag","embeddable":true,"href":"https:\/\/atitudenoticias.com.br\/index.php?rest_route=%2Fwp%2Fv2%2Ftags&post=24308"}],"curies":[{"name":"wp","href":"https:\/\/api.w.org\/{rel}","templated":true}]}}