{"id":24869,"date":"2026-04-24T22:25:33","date_gmt":"2026-04-25T01:25:33","guid":{"rendered":"https:\/\/atitudenoticias.com.br\/?p=24869"},"modified":"2026-04-24T22:25:34","modified_gmt":"2026-04-25T01:25:34","slug":"jornada-de-processos-administrativos-fortalece-gestao-publica-em-feira-de-santana","status":"publish","type":"post","link":"https:\/\/atitudenoticias.com.br\/?p=24869","title":{"rendered":"Jornada de Processos Administrativos fortalece gest\u00e3o p\u00fablica em Feira de Santana"},"content":{"rendered":"\n<p class=\"has-text-align-center\"><em><strong>Neste ano, a CGM celebra 20 anos de atua\u00e7\u00e3o no munic\u00edpio, consolidando-se como um \u00f3rg\u00e3o estrat\u00e9gico<\/strong><\/em><\/p>\n\n\n\n<p>A Prefeitura de Feira de Santana, por meio da Controladoria Geral do Munic\u00edpio (CGM), promoveu nesta sexta-feira (24) a Jornada de Processos Administrativos, reunindo gestores e t\u00e9cnicos de diversas secretarias em um momento de integra\u00e7\u00e3o, atualiza\u00e7\u00e3o e aprimoramento da gest\u00e3o p\u00fablica.<\/p>\n\n\n\n<p>O encontro foi marcado pela apresenta\u00e7\u00e3o de novas ferramentas voltadas \u00e0 otimiza\u00e7\u00e3o dos fluxos internos e por debates sobre a legalidade dos atos administrativos, refor\u00e7ando o compromisso da administra\u00e7\u00e3o municipal com a efici\u00eancia, a transpar\u00eancia e a seguran\u00e7a jur\u00eddica.<\/p>\n\n\n\n<p>Neste ano, a CGM celebra 20 anos de atua\u00e7\u00e3o no munic\u00edpio, consolidando-se como um \u00f3rg\u00e3o estrat\u00e9gico na preserva\u00e7\u00e3o do patrim\u00f4nio p\u00fablico e no fortalecimento da governan\u00e7a. Ao longo dessas duas d\u00e9cadas, a Controladoria tem desempenhado papel fundamental no suporte t\u00e9cnico \u00e0s secretarias, contribuindo para a integridade dos processos e garantindo que as a\u00e7\u00f5es da gest\u00e3o estejam alinhadas aos princ\u00edpios da legalidade e da responsabilidade administrativa.<\/p>\n\n\n\n<p>O prefeito Jos\u00e9 Ronaldo de Carvalho participou da abertura do evento e destacou a import\u00e2ncia do trabalho desenvolvido pela Controladoria para o bom funcionamento da m\u00e1quina p\u00fablica. \u201cO trabalho da Controladoria \u00e9 essencial para que possamos avan\u00e7ar com responsabilidade, transpar\u00eancia e efici\u00eancia. S\u00e3o a\u00e7\u00f5es como essa que fortalecem a gest\u00e3o e refletem diretamente na melhoria dos servi\u00e7os prestados \u00e0 popula\u00e7\u00e3o\u201d, afirmou.<\/p>\n\n\n\n<p>A Jornada tem como principal objetivo alinhar procedimentos e esclarecer d\u00favidas recorrentes entre as secretarias, promovendo maior uniformidade nas pr\u00e1ticas administrativas. De acordo com o controlador-geral do munic\u00edpio, Cleudson Almeida, o evento funciona como um espa\u00e7o de di\u00e1logo e inova\u00e7\u00e3o. \u201cA proposta \u00e9 discutir pontos que geram diverg\u00eancias ao longo do ano, buscar solu\u00e7\u00f5es conjuntas e garantir que os processos tramitem com mais agilidade e seguran\u00e7a jur\u00eddica, sempre pautados na legalidade\u201d, explicou.<\/p>\n\n\n\n<p>Tamb\u00e9m participaram da solenidade o secret\u00e1rio de Servi\u00e7os P\u00fablicos, Justiniano Fran\u00e7a; a secret\u00e1ria de Administra\u00e7\u00e3o, Sandra Peggy; o secret\u00e1rio de Governo, Luiz Carlos de Carvalho Bahia Neto; a representante da Secretaria de Meio Ambiente e Recursos Naturais (SEMMAM), Jaciara Costa; al\u00e9m do procurador-geral do Munic\u00edpio.<\/p>\n\n\n\n<p>A programa\u00e7\u00e3o incluiu a apresenta\u00e7\u00e3o de novas metodologias e solu\u00e7\u00f5es tecnol\u00f3gicas que ser\u00e3o incorporadas \u00e0 rotina administrativa, com o objetivo de aprimorar o fluxo de processos internos e assegurar que os servi\u00e7os p\u00fablicos sejam prestados com ainda mais qualidade e efici\u00eancia \u00e0 popula\u00e7\u00e3o de Feira de Santana.<em><strong> (SECOM\/PMFS)<\/strong><\/em><\/p>\n","protected":false},"excerpt":{"rendered":"<p>Neste ano, a CGM celebra 20 anos de atua\u00e7\u00e3o no munic\u00edpio, consolidando-se como um \u00f3rg\u00e3o&hellip;<\/p>\n","protected":false},"author":2,"featured_media":24870,"comment_status":"open","ping_status":"open","sticky":false,"template":"","format":"standard","meta":{"footnotes":""},"categories":[58],"tags":[],"class_list":["post-24869","post","type-post","status-publish","format-standard","has-post-thumbnail","hentry","category-feira-de-santana"],"_links":{"self":[{"href":"https:\/\/atitudenoticias.com.br\/index.php?rest_route=\/wp\/v2\/posts\/24869","targetHints":{"allow":["GET"]}}],"collection":[{"href":"https:\/\/atitudenoticias.com.br\/index.php?rest_route=\/wp\/v2\/posts"}],"about":[{"href":"https:\/\/atitudenoticias.com.br\/index.php?rest_route=\/wp\/v2\/types\/post"}],"author":[{"embeddable":true,"href":"https:\/\/atitudenoticias.com.br\/index.php?rest_route=\/wp\/v2\/users\/2"}],"replies":[{"embeddable":true,"href":"https:\/\/atitudenoticias.com.br\/index.php?rest_route=%2Fwp%2Fv2%2Fcomments&post=24869"}],"version-history":[{"count":1,"href":"https:\/\/atitudenoticias.com.br\/index.php?rest_route=\/wp\/v2\/posts\/24869\/revisions"}],"predecessor-version":[{"id":24871,"href":"https:\/\/atitudenoticias.com.br\/index.php?rest_route=\/wp\/v2\/posts\/24869\/revisions\/24871"}],"wp:featuredmedia":[{"embeddable":true,"href":"https:\/\/atitudenoticias.com.br\/index.php?rest_route=\/wp\/v2\/media\/24870"}],"wp:attachment":[{"href":"https:\/\/atitudenoticias.com.br\/index.php?rest_route=%2Fwp%2Fv2%2Fmedia&parent=24869"}],"wp:term":[{"taxonomy":"category","embeddable":true,"href":"https:\/\/atitudenoticias.com.br\/index.php?rest_route=%2Fwp%2Fv2%2Fcategories&post=24869"},{"taxonomy":"post_tag","embeddable":true,"href":"https:\/\/atitudenoticias.com.br\/index.php?rest_route=%2Fwp%2Fv2%2Ftags&post=24869"}],"curies":[{"name":"wp","href":"https:\/\/api.w.org\/{rel}","templated":true}]}}