{"id":24883,"date":"2026-04-25T15:00:01","date_gmt":"2026-04-25T18:00:01","guid":{"rendered":"https:\/\/atitudenoticias.com.br\/?p=24883"},"modified":"2026-04-27T01:01:07","modified_gmt":"2026-04-27T04:01:07","slug":"rede-municipal-ganha-o-reforco-de-mais-189-novos-professores","status":"publish","type":"post","link":"https:\/\/atitudenoticias.com.br\/?p=24883","title":{"rendered":"Rede municipal ganha o refor\u00e7o de mais 189 novos professores"},"content":{"rendered":"\n<p class=\"has-text-align-center\"><em><strong>Os termos de posse nos cargos foram assinados neste s\u00e1bado, 25<\/strong><\/em><\/p>\n\n\n\n<p>A Secretaria de Educa\u00e7\u00e3o de Feira de Santana ganhou o refor\u00e7o de 189 novos professores contratados pelo Reda (Regime Especial de Direito Administrativo). Os termos de posse nos cargos foram assinados neste s\u00e1bado, 25, e os profissionais j\u00e1 estar\u00e3o em sala de aula na pr\u00f3xima segunda-feira, 27.<\/p>\n\n\n\n<p>O prefeito Jos\u00e9 Ronaldo de Carvalho disse que os novos professores devem levar \u00e0s salas de aula, al\u00e9m da vontade de ensinar, o amor que a profiss\u00e3o exige para que os objetivos sejam alcan\u00e7ados. \u201cAcredito que todos voc\u00eas carregam esse sentimento em seus cora\u00e7\u00f5es\u201d.<\/p>\n\n\n\n<p>Ele lembrou que o munic\u00edpio tem o objetivo de atender toda a demanda da rede municipal. \u201cDesejamos e vamos nomear professores para todas as salas de aula da nossa rede\u201d. Outros dever\u00e3o ser chamados dentro de mais alguns dias pela Secretaria de Administra\u00e7\u00e3o para entrega de documentos para a nomea\u00e7\u00e3o.<\/p>\n\n\n\n<p>Centenas de professores j\u00e1 foram incorporados \u00e0 rede municipal. O prefeito enfatizou que, no segundo semestre, outras mil vagas ser\u00e3o ocupadas pelos aprovados no \u00faltimo concurso p\u00fablico, cujas provas foram aplicadas em mar\u00e7o deste ano. \u201c\u00c9 uma alegria empossar professores\u201d, afirmou o prefeito, que lecionou durante tr\u00eas anos na rede estadual, nos anos 80.<\/p>\n\n\n\n<p>O vice-prefeito e secret\u00e1rio de Educa\u00e7\u00e3o, Pablo Roberto, disse que o momento de nomea\u00e7\u00e3o de professores \u00e9 especial para a administra\u00e7\u00e3o p\u00fablica como um todo. Destacou que, nestes 16 meses de governo, as solenidades de posse de professores se multiplicaram. \u201c\u00c9 um ato com muitos simbolismos\u201d.<\/p>\n\n\n\n<p>Estiveram presentes os secret\u00e1rios municipais de Administra\u00e7\u00e3o, Sandra Peggy, e o de Comunica\u00e7\u00e3o Social, Joilton Freitas. <strong><em>(SECOM\/PMFS)<\/em><\/strong><\/p>\n","protected":false},"excerpt":{"rendered":"<p>Os termos de posse nos cargos foram assinados neste s\u00e1bado, 25 A Secretaria de Educa\u00e7\u00e3o&hellip;<\/p>\n","protected":false},"author":2,"featured_media":24884,"comment_status":"open","ping_status":"open","sticky":false,"template":"","format":"standard","meta":{"footnotes":""},"categories":[72,58],"tags":[],"class_list":["post-24883","post","type-post","status-publish","format-standard","has-post-thumbnail","hentry","category-educacao","category-feira-de-santana"],"_links":{"self":[{"href":"https:\/\/atitudenoticias.com.br\/index.php?rest_route=\/wp\/v2\/posts\/24883","targetHints":{"allow":["GET"]}}],"collection":[{"href":"https:\/\/atitudenoticias.com.br\/index.php?rest_route=\/wp\/v2\/posts"}],"about":[{"href":"https:\/\/atitudenoticias.com.br\/index.php?rest_route=\/wp\/v2\/types\/post"}],"author":[{"embeddable":true,"href":"https:\/\/atitudenoticias.com.br\/index.php?rest_route=\/wp\/v2\/users\/2"}],"replies":[{"embeddable":true,"href":"https:\/\/atitudenoticias.com.br\/index.php?rest_route=%2Fwp%2Fv2%2Fcomments&post=24883"}],"version-history":[{"count":1,"href":"https:\/\/atitudenoticias.com.br\/index.php?rest_route=\/wp\/v2\/posts\/24883\/revisions"}],"predecessor-version":[{"id":24885,"href":"https:\/\/atitudenoticias.com.br\/index.php?rest_route=\/wp\/v2\/posts\/24883\/revisions\/24885"}],"wp:featuredmedia":[{"embeddable":true,"href":"https:\/\/atitudenoticias.com.br\/index.php?rest_route=\/wp\/v2\/media\/24884"}],"wp:attachment":[{"href":"https:\/\/atitudenoticias.com.br\/index.php?rest_route=%2Fwp%2Fv2%2Fmedia&parent=24883"}],"wp:term":[{"taxonomy":"category","embeddable":true,"href":"https:\/\/atitudenoticias.com.br\/index.php?rest_route=%2Fwp%2Fv2%2Fcategories&post=24883"},{"taxonomy":"post_tag","embeddable":true,"href":"https:\/\/atitudenoticias.com.br\/index.php?rest_route=%2Fwp%2Fv2%2Ftags&post=24883"}],"curies":[{"name":"wp","href":"https:\/\/api.w.org\/{rel}","templated":true}]}}