{"id":24886,"date":"2026-04-27T01:09:37","date_gmt":"2026-04-27T04:09:37","guid":{"rendered":"https:\/\/atitudenoticias.com.br\/?p=24886"},"modified":"2026-04-27T01:09:38","modified_gmt":"2026-04-27T04:09:38","slug":"prazo-para-tirar-ou-transferir-titulo-de-eleitor-termina-em-10-dias","status":"publish","type":"post","link":"https:\/\/atitudenoticias.com.br\/?p=24886","title":{"rendered":"Prazo para tirar ou transferir t\u00edtulo de eleitor termina em 10 dias"},"content":{"rendered":"\n<p class=\"has-text-align-center\"><strong><em>Para votar nas elei\u00e7\u00f5es de 2026, \u00e9 preciso tirar o t\u00edtulo at\u00e9 6 de maio. Jovens a partir de 15 anos j\u00e1 podem solicitar o documento, mas s\u00f3 podem votar se completarem 16 anos at\u00e9 o dia da elei\u00e7\u00e3o, em 4 de outubro<\/em><\/strong><\/p>\n\n\n\n<p>\u231bO prazo para<strong>\u00a0tirar,\u00a0transferir <\/strong><strong>ou regularizar o t\u00edtulo de eleitor<\/strong>\u00a0termina em 10 dias. Para votar nas elei\u00e7\u00f5es de 2026, \u00e9 preciso fazer a solicita\u00e7\u00e3o at\u00e9\u00a0<strong>6 de maio<\/strong>.<\/p>\n\n\n\n<p>A partir de 7 de maio, a Justi\u00e7a Eleitoral encerra o cadastro para organizar as elei\u00e7\u00f5es. Pela legisla\u00e7\u00e3o eleitoral, o cadastro eleitoral \u00e9 fechado 150 dias antes do primeiro turno.<\/p>\n\n\n\n<p>\ud83d\udcc6 O primeiro turno da elei\u00e7\u00e3o ser\u00e1 em<strong>&nbsp;4 de outubro<\/strong>. O segundo turno est\u00e1 marcado para 25 de outubro.<\/p>\n\n\n\n<p>Quem vai completar 18 anos at\u00e9 o dia 6 de maio precisa tirar o t\u00edtulo para votar na elei\u00e7\u00e3o deste ano.<\/p>\n\n\n\n<p>\u27a1\ufe0f De acordo com o artigo 14 da Constitui\u00e7\u00e3o Federal, o alistamento eleitoral e o voto s\u00e3o obrigat\u00f3rios para as brasileiras e os brasileiros maiores de 18 anos e facultativos para as pessoas analfabetas, os maiores de 70 anos e os jovens de 16 e 17 anos.<\/p>\n\n\n\n<p>Jovens a partir de 15 anos j\u00e1 podem tirar o t\u00edtulo. No entanto,&nbsp;s\u00f3 poder\u00e3o votar se completarem 16 anos at\u00e9 o dia da elei\u00e7\u00e3o.<\/p>\n\n\n\n<p><strong>Veja as principais d\u00favidas:<\/strong><\/p>\n\n\n\n<h2 class=\"wp-block-heading\">Precisa de agendamento para tirar o t\u00edtulo de eleitor?<\/h2>\n\n\n\n<p>\u27a1\ufe0fEm alguns estados, o atendimento presencial em um cart\u00f3rio eleitoral exige agendamento pr\u00e9vio. \u00c9 preciso verificar no site do Tribunal Regional Eleitoral (TRE) da sua regi\u00e3o se existe essa exig\u00eancia.<\/p>\n\n\n\n<p>\ud83d\udc49\ud83c\udffbO atendimento online ainda existe, mas n\u00e3o est\u00e1 mais dispon\u00edvel para quem vai tirar o primeiro t\u00edtulo. Isso porque o pedido pela internet exigia comparecimento ao cart\u00f3rio em at\u00e9 30 dias para coleta da biometria. Por isso, essa op\u00e7\u00e3o no Autoatendimento Eleitoral ficou dispon\u00edvel s\u00f3 at\u00e9 6 de abril. Agora, o primeiro t\u00edtulo s\u00f3 pode ser solicitado presencialmente.<\/p>\n\n\n\n<h2 class=\"wp-block-heading\">Quais os documentos necess\u00e1rios para tirar o t\u00edtulo de eleitor?<\/h2>\n\n\n\n<ul class=\"wp-block-list\">\n<li>Documento oficial com foto.<\/li>\n\n\n\n<li>Comprovante de resid\u00eancia em seu nome ou da pessoa com quem voc\u00ea mora.<\/li>\n\n\n\n<li>Comprovante de quita\u00e7\u00e3o militar para homens que completam 19 anos em 2026.<\/li>\n<\/ul>\n\n\n\n<h2 class=\"wp-block-heading\">E para transferir o t\u00edtulo, quais s\u00e3o os requisitos?<\/h2>\n\n\n\n<ul class=\"wp-block-list\">\n<li>Ter passado\u00a0<strong>pelo menos um ano\u00a0<\/strong>desde a emiss\u00e3o do primeiro t\u00edtulo ou da \u00faltima transfer\u00eancia.<\/li>\n\n\n\n<li>Comprovar\u00a0<strong>v\u00ednculo de, no m\u00ednimo, tr\u00eas meses\u00a0<\/strong>com o novo munic\u00edpio (residencial, familiar, profissional, comunit\u00e1rio ou outro que justifique a mudan\u00e7a).<\/li>\n\n\n\n<li>Estar em dia com a Justi\u00e7a Eleitoral. Se houver multa por aus\u00eancia \u00e0s urnas ou aos trabalhos eleitorais, o d\u00e9bito deve ser pago antes do pedido.<\/li>\n<\/ul>\n\n\n\n<p>E como o pedido para a transfer\u00eancia pode ser feito?<\/p>\n\n\n\n<ul class=\"wp-block-list\">\n<li>Pela internet, no\u00a0<a href=\"https:\/\/www.tse.jus.br\/servicos-eleitorais\/autoatendimento-eleitoral#\/\" target=\"_blank\" rel=\"noreferrer noopener\" class=\"\"><strong>Autoatendimento Eleitoral.<\/strong><\/a><\/li>\n\n\n\n<li>Presencialmente, em um cart\u00f3rio eleitoral.<\/li>\n<\/ul>\n\n\n\n<h2 class=\"wp-block-heading\">Onde fazer a biometria do t\u00edtulo de eleitor?<\/h2>\n\n\n\n<p>A biometria \u00e9 feita no cart\u00f3rio eleitoral do munic\u00edpio.<\/p>\n\n\n\n<h2 class=\"wp-block-heading\">Precisa pagar para tirar ou regularizar o t\u00edtulo?<\/h2>\n\n\n\n<p>N\u00e3o. Todos os servi\u00e7os eleitorais s\u00e3o gratuitos. Pode haver cobran\u00e7a de multa apenas para quem n\u00e3o votou nem justificou aus\u00eancia em elei\u00e7\u00f5es anteriores.<\/p>\n\n\n\n<h2 class=\"wp-block-heading\">\u00c9 preciso retirar o documento em algum lugar?<\/h2>\n\n\n\n<p>N\u00e3o h\u00e1 mais envio do documento impresso para o endere\u00e7o do eleitor. Hoje, tudo \u00e9 digital, e o documento pode ser acessado pelo aplicativo e-T\u00edtulo. Quem quiser a vers\u00e3o f\u00edsica pode imprimir pelo site do Tribunal Superior Eleitoral ou gerar o arquivo pronto para impress\u00e3o no pr\u00f3prio aplicativo. <em><strong>(G1)<\/strong><\/em><\/p>\n\n\n\n<p><\/p>\n\n\n\n<p><\/p>\n","protected":false},"excerpt":{"rendered":"<p>Para votar nas elei\u00e7\u00f5es de 2026, \u00e9 preciso tirar o t\u00edtulo at\u00e9 6 de maio.&hellip;<\/p>\n","protected":false},"author":2,"featured_media":5699,"comment_status":"open","ping_status":"open","sticky":false,"template":"","format":"standard","meta":{"footnotes":""},"categories":[27],"tags":[],"class_list":["post-24886","post","type-post","status-publish","format-standard","has-post-thumbnail","hentry","category-eleicoes"],"_links":{"self":[{"href":"https:\/\/atitudenoticias.com.br\/index.php?rest_route=\/wp\/v2\/posts\/24886","targetHints":{"allow":["GET"]}}],"collection":[{"href":"https:\/\/atitudenoticias.com.br\/index.php?rest_route=\/wp\/v2\/posts"}],"about":[{"href":"https:\/\/atitudenoticias.com.br\/index.php?rest_route=\/wp\/v2\/types\/post"}],"author":[{"embeddable":true,"href":"https:\/\/atitudenoticias.com.br\/index.php?rest_route=\/wp\/v2\/users\/2"}],"replies":[{"embeddable":true,"href":"https:\/\/atitudenoticias.com.br\/index.php?rest_route=%2Fwp%2Fv2%2Fcomments&post=24886"}],"version-history":[{"count":1,"href":"https:\/\/atitudenoticias.com.br\/index.php?rest_route=\/wp\/v2\/posts\/24886\/revisions"}],"predecessor-version":[{"id":24887,"href":"https:\/\/atitudenoticias.com.br\/index.php?rest_route=\/wp\/v2\/posts\/24886\/revisions\/24887"}],"wp:featuredmedia":[{"embeddable":true,"href":"https:\/\/atitudenoticias.com.br\/index.php?rest_route=\/wp\/v2\/media\/5699"}],"wp:attachment":[{"href":"https:\/\/atitudenoticias.com.br\/index.php?rest_route=%2Fwp%2Fv2%2Fmedia&parent=24886"}],"wp:term":[{"taxonomy":"category","embeddable":true,"href":"https:\/\/atitudenoticias.com.br\/index.php?rest_route=%2Fwp%2Fv2%2Fcategories&post=24886"},{"taxonomy":"post_tag","embeddable":true,"href":"https:\/\/atitudenoticias.com.br\/index.php?rest_route=%2Fwp%2Fv2%2Ftags&post=24886"}],"curies":[{"name":"wp","href":"https:\/\/api.w.org\/{rel}","templated":true}]}}