{"id":24888,"date":"2026-04-28T23:23:52","date_gmt":"2026-04-29T02:23:52","guid":{"rendered":"https:\/\/atitudenoticias.com.br\/?p=24888"},"modified":"2026-04-28T23:23:53","modified_gmt":"2026-04-29T02:23:53","slug":"prefeitura-apresenta-potencial-de-feira-e-solidez-fiscal-em-road-show-na-b3-para-viabilizar-hospital-municipal","status":"publish","type":"post","link":"https:\/\/atitudenoticias.com.br\/?p=24888","title":{"rendered":"Prefeitura apresenta potencial de Feira e solidez fiscal em road show na B3 para viabilizar Hospital Municipal"},"content":{"rendered":"\n<p class=\"has-text-align-center\"><em><strong>Durante a apresenta\u00e7\u00e3o, o prefeito Jos\u00e9 Ronaldo de Carvalho destacou o car\u00e1ter estrat\u00e9gico do munic\u00edpio e a import\u00e2ncia do projeto<\/strong><\/em><\/p>\n\n\n\n<p>A Prefeitura de Feira de Santana refor\u00e7ou sua capacidade de atrair investimentos e executar grandes projetos durante road show realizado nesta ter\u00e7a-feira (28), na sede da B3, em S\u00e3o Paulo. No encontro, que reuniu investidores e representantes do mercado, foram detalhados os aspectos t\u00e9cnicos, financeiros e assistenciais da Parceria P\u00fablico-Privada (PPP) que viabilizar\u00e1 o novo Hospital Municipal.<\/p>\n\n\n\n<p>Durante a apresenta\u00e7\u00e3o, o prefeito Jos\u00e9 Ronaldo de Carvalho destacou o car\u00e1ter estrat\u00e9gico do munic\u00edpio e a import\u00e2ncia do projeto para a popula\u00e7\u00e3o. \u201c\u00c9 um sonho da nossa cidade. Feira de Santana \u00e9 um dos principais entroncamentos rodovi\u00e1rios do pa\u00eds, com forte economia, com\u00e9rcio pujante e uma gest\u00e3o que cumpre rigorosamente seus compromissos\u201d, afirmou. O gestor tamb\u00e9m ressaltou a credibilidade da administra\u00e7\u00e3o municipal e a experi\u00eancia em projetos estruturantes, citando o sucesso da PPP da ilumina\u00e7\u00e3o p\u00fablica j\u00e1 em execu\u00e7\u00e3o.<\/p>\n\n\n\n<p>O secret\u00e1rio municipal de Planejamento, Carlos Brito, apresentou indicadores econ\u00f4micos e fiscais que refor\u00e7am a seguran\u00e7a do investimento. Segundo ele, Feira possui um Produto Interno Bruto (PIB) de R$ 21 bilh\u00f5es, com destaque para o com\u00e9rcio, respons\u00e1vel por cerca de 60% da economia local. \u201cSomos o maior com\u00e9rcio do interior do Nordeste e temos uma governan\u00e7a consolidada, com estabilidade administrativa e capacidade de honrar compromissos\u201d, pontuou.<\/p>\n\n\n\n<p>Brito tamb\u00e9m enfatizou a solidez fiscal do munic\u00edpio, com baixo n\u00edvel de endividamento e ampla margem dentro dos limites estabelecidos pelo Tesouro Nacional. De acordo com os dados apresentados, a rela\u00e7\u00e3o entre d\u00edvida e receita est\u00e1 bem abaixo do limite legal, e o comprometimento com o servi\u00e7o da d\u00edvida permanece em patamar considerado seguro. \u201cFeira de Santana apresenta um cen\u00e1rio fiscal equilibrado, com capacidade de investimento e crescimento sustent\u00e1vel no curto e longo prazo\u201d, explicou.<\/p>\n\n\n\n<p>J\u00e1 o secret\u00e1rio municipal de Sa\u00fade, Rodrigo Matos, destacou o impacto social do projeto e o planejamento t\u00e9cnico que embasou a proposta. Segundo ele, o hospital foi concebido a partir de dados epidemiol\u00f3gicos e das reais necessidades da rede p\u00fablica. \u201cN\u00e3o \u00e9 apenas a constru\u00e7\u00e3o de uma unidade, mas a qualifica\u00e7\u00e3o de toda a rede de sa\u00fade. O hospital ser\u00e1 um ponto estrat\u00e9gico dentro de um sistema integrado, atendendo uma macrorregi\u00e3o com mais de 2 milh\u00f5es de habitantes\u201d, afirmou.<\/p>\n\n\n\n<p>Ele tamb\u00e9m ressaltou que o modelo de PPP busca n\u00e3o apenas recursos financeiros, mas tamb\u00e9m a expertise da iniciativa privada. \u201cA proposta \u00e9 unir a capacidade do poder p\u00fablico de formular pol\u00edticas com a efici\u00eancia operacional do setor privado, garantindo melhor entrega de servi\u00e7os \u00e0 popula\u00e7\u00e3o\u201d, disse.<\/p>\n\n\n\n<p>O projeto prev\u00ea a constru\u00e7\u00e3o de uma unidade de alta complexidade, com 110 leitos de interna\u00e7\u00e3o, 10 leitos de UTI, centro cir\u00fargico e estrutura moderna de diagn\u00f3stico por imagem. A iniciativa deve ampliar a oferta de servi\u00e7os, especialmente em \u00e1reas com alta demanda, como cirurgias gerais e ortop\u00e9dicas, al\u00e9m de suprir a necessidade de leitos cl\u00ednicos e de terapia intensiva.<\/p>\n\n\n\n<p>Outro ponto destacado foi o processo de constru\u00e7\u00e3o do projeto, que incluiu etapas de consulta e audi\u00eancia p\u00fablica, garantindo transpar\u00eancia e participa\u00e7\u00e3o social. \u201cTodo o planejamento foi feito com responsabilidade, ouvindo a sociedade e respeitando o uso dos recursos p\u00fablicos\u201d, completou Rodrigo Matos.<\/p>\n\n\n\n<p>Com edital j\u00e1 publicado, o leil\u00e3o da PPP est\u00e1 previsto para ocorrer em maio, tamb\u00e9m na B3. A expectativa \u00e9 atrair grandes grupos nacionais especializados em sa\u00fade e infraestrutura hospitalar.<\/p>\n\n\n\n<p>Al\u00e9m de fortalecer a rede p\u00fablica de sa\u00fade e reduzir a press\u00e3o sobre unidades estaduais, o Hospital Municipal deve gerar impacto positivo na economia local, com cria\u00e7\u00e3o de empregos e fortalecimento de Feira de Santana como polo regional de sa\u00fade no interior da Bahia<em><strong>. (SECOM\/PMFS)<\/strong><\/em><\/p>\n","protected":false},"excerpt":{"rendered":"<p>Durante a apresenta\u00e7\u00e3o, o prefeito Jos\u00e9 Ronaldo de Carvalho destacou o car\u00e1ter estrat\u00e9gico do munic\u00edpio&hellip;<\/p>\n","protected":false},"author":2,"featured_media":24889,"comment_status":"open","ping_status":"open","sticky":false,"template":"","format":"standard","meta":{"footnotes":""},"categories":[58,25],"tags":[],"class_list":["post-24888","post","type-post","status-publish","format-standard","has-post-thumbnail","hentry","category-feira-de-santana","category-saude"],"_links":{"self":[{"href":"https:\/\/atitudenoticias.com.br\/index.php?rest_route=\/wp\/v2\/posts\/24888","targetHints":{"allow":["GET"]}}],"collection":[{"href":"https:\/\/atitudenoticias.com.br\/index.php?rest_route=\/wp\/v2\/posts"}],"about":[{"href":"https:\/\/atitudenoticias.com.br\/index.php?rest_route=\/wp\/v2\/types\/post"}],"author":[{"embeddable":true,"href":"https:\/\/atitudenoticias.com.br\/index.php?rest_route=\/wp\/v2\/users\/2"}],"replies":[{"embeddable":true,"href":"https:\/\/atitudenoticias.com.br\/index.php?rest_route=%2Fwp%2Fv2%2Fcomments&post=24888"}],"version-history":[{"count":1,"href":"https:\/\/atitudenoticias.com.br\/index.php?rest_route=\/wp\/v2\/posts\/24888\/revisions"}],"predecessor-version":[{"id":24890,"href":"https:\/\/atitudenoticias.com.br\/index.php?rest_route=\/wp\/v2\/posts\/24888\/revisions\/24890"}],"wp:featuredmedia":[{"embeddable":true,"href":"https:\/\/atitudenoticias.com.br\/index.php?rest_route=\/wp\/v2\/media\/24889"}],"wp:attachment":[{"href":"https:\/\/atitudenoticias.com.br\/index.php?rest_route=%2Fwp%2Fv2%2Fmedia&parent=24888"}],"wp:term":[{"taxonomy":"category","embeddable":true,"href":"https:\/\/atitudenoticias.com.br\/index.php?rest_route=%2Fwp%2Fv2%2Fcategories&post=24888"},{"taxonomy":"post_tag","embeddable":true,"href":"https:\/\/atitudenoticias.com.br\/index.php?rest_route=%2Fwp%2Fv2%2Ftags&post=24888"}],"curies":[{"name":"wp","href":"https:\/\/api.w.org\/{rel}","templated":true}]}}