{"id":24891,"date":"2026-04-27T23:30:21","date_gmt":"2026-04-28T02:30:21","guid":{"rendered":"https:\/\/atitudenoticias.com.br\/?p=24891"},"modified":"2026-04-28T23:30:56","modified_gmt":"2026-04-29T02:30:56","slug":"seduc-promove-formacao-sobre-pratica-pedagogica-inclusiva-para-cuidadores","status":"publish","type":"post","link":"https:\/\/atitudenoticias.com.br\/?p=24891","title":{"rendered":"Seduc promove forma\u00e7\u00e3o sobre pr\u00e1tica pedag\u00f3gica inclusiva para cuidadores"},"content":{"rendered":"\n<p class=\"has-text-align-center\"><em><strong>Encontro reuniu cerca de 960 profissionais<\/strong><\/em><\/p>\n\n\n\n<p>A Secretaria Municipal de Educa\u00e7\u00e3o (Seduc) realizou, na \u00faltima sexta-feira, 24, uma forma\u00e7\u00e3o voltada aos profissionais de apoio da rede municipal, com o tema \u201cPr\u00e1ticas Pedag\u00f3gicas Inclusivas\u201d. O encontro reuniu cerca de 960 cuidadores, divididos entre os turnos da manh\u00e3 e da tarde, em um momento de escuta, reflex\u00e3o e troca de experi\u00eancias.<\/p>\n\n\n\n<p>A forma\u00e7\u00e3o foi conduzida por Michelle Mascarenhas e Adriana Castelo, que atuam diretamente nas pol\u00edticas da educa\u00e7\u00e3o especial da Seduc. Durante o encontro, foram discutidas estrat\u00e9gias pedag\u00f3gicas inclusivas, o papel do profissional de apoio no processo educacional, e a import\u00e2ncia da promo\u00e7\u00e3o da autonomia dos estudantes com defici\u00eancia.<\/p>\n\n\n\n<p>A atividade contou com din\u00e2micas sensoriais e relatos pr\u00e1ticos, permitindo que os participantes vivenciassem, ainda que simbolicamente, diferentes formas de aprendizagem. As experi\u00eancias destacaram a necessidade de compreender as singularidades dos estudantes e de adotar metodologias diversificadas, que considerem interesses, ritmos e formas de intera\u00e7\u00e3o.<\/p>\n\n\n\n<p>Tamb\u00e9m foram abordadas situa\u00e7\u00f5es do cotidiano escolar, como a media\u00e7\u00e3o em momentos de desregula\u00e7\u00e3o, a import\u00e2ncia do di\u00e1logo com a equipe pedag\u00f3gica e o cuidado com falas que possam rotular ou limitar o desenvolvimento dos estudantes. Outro ponto enfatizado foi a necessidade de evitar a superprote\u00e7\u00e3o, incentivando pr\u00e1ticas que fortale\u00e7am a independ\u00eancia e a participa\u00e7\u00e3o ativa dos alunos.<\/p>\n\n\n\n<p>A forma\u00e7\u00e3o ainda trouxe orienta\u00e7\u00f5es sobre acessibilidade, como o uso da audiodescri\u00e7\u00e3o para estudantes com defici\u00eancia visual e estrat\u00e9gias de comunica\u00e7\u00e3o para estudantes surdos.<\/p>\n\n\n\n<p>Segundo Michelle Mascarenhas, a pr\u00e1tica inclusiva exige sensibilidade e intencionalidade no fazer pedag\u00f3gico. \u201cQuando a gente se coloca no lugar do estudante, compreende que nem sempre a falta de aten\u00e7\u00e3o \u00e9 desinteresse. Muitas vezes, o conte\u00fado n\u00e3o est\u00e1 sendo acess\u00edvel ou significativo para ele. Por isso, precisamos buscar estrat\u00e9gias diferenciadas que garantam a aprendizagem de todos\u201d, afirmou.&nbsp;<\/p>\n\n\n\n<p>J\u00e1 Adriana Castelo destacou a import\u00e2ncia de promover a autonomia no ambiente escolar. \u201cO nosso papel n\u00e3o \u00e9 criar depend\u00eancia, mas possibilitar que esse estudante se desenvolva e conquiste sua independ\u00eancia. A gente precisa sair do lugar da prote\u00e7\u00e3o excessiva e assumir uma postura que incentive, oriente e fortale\u00e7a esse sujeito para a vida\u201d, concluiu. <em><strong>(SECOM\/PMFS)<\/strong><\/em><\/p>\n","protected":false},"excerpt":{"rendered":"<p>Encontro reuniu cerca de 960 profissionais A Secretaria Municipal de Educa\u00e7\u00e3o (Seduc) realizou, na \u00faltima&hellip;<\/p>\n","protected":false},"author":2,"featured_media":24892,"comment_status":"open","ping_status":"open","sticky":false,"template":"","format":"standard","meta":{"footnotes":""},"categories":[72,58],"tags":[],"class_list":["post-24891","post","type-post","status-publish","format-standard","has-post-thumbnail","hentry","category-educacao","category-feira-de-santana"],"_links":{"self":[{"href":"https:\/\/atitudenoticias.com.br\/index.php?rest_route=\/wp\/v2\/posts\/24891","targetHints":{"allow":["GET"]}}],"collection":[{"href":"https:\/\/atitudenoticias.com.br\/index.php?rest_route=\/wp\/v2\/posts"}],"about":[{"href":"https:\/\/atitudenoticias.com.br\/index.php?rest_route=\/wp\/v2\/types\/post"}],"author":[{"embeddable":true,"href":"https:\/\/atitudenoticias.com.br\/index.php?rest_route=\/wp\/v2\/users\/2"}],"replies":[{"embeddable":true,"href":"https:\/\/atitudenoticias.com.br\/index.php?rest_route=%2Fwp%2Fv2%2Fcomments&post=24891"}],"version-history":[{"count":1,"href":"https:\/\/atitudenoticias.com.br\/index.php?rest_route=\/wp\/v2\/posts\/24891\/revisions"}],"predecessor-version":[{"id":24893,"href":"https:\/\/atitudenoticias.com.br\/index.php?rest_route=\/wp\/v2\/posts\/24891\/revisions\/24893"}],"wp:featuredmedia":[{"embeddable":true,"href":"https:\/\/atitudenoticias.com.br\/index.php?rest_route=\/wp\/v2\/media\/24892"}],"wp:attachment":[{"href":"https:\/\/atitudenoticias.com.br\/index.php?rest_route=%2Fwp%2Fv2%2Fmedia&parent=24891"}],"wp:term":[{"taxonomy":"category","embeddable":true,"href":"https:\/\/atitudenoticias.com.br\/index.php?rest_route=%2Fwp%2Fv2%2Fcategories&post=24891"},{"taxonomy":"post_tag","embeddable":true,"href":"https:\/\/atitudenoticias.com.br\/index.php?rest_route=%2Fwp%2Fv2%2Ftags&post=24891"}],"curies":[{"name":"wp","href":"https:\/\/api.w.org\/{rel}","templated":true}]}}