{"id":24894,"date":"2026-04-28T23:38:28","date_gmt":"2026-04-29T02:38:28","guid":{"rendered":"https:\/\/atitudenoticias.com.br\/?p=24894"},"modified":"2026-04-28T23:38:30","modified_gmt":"2026-04-29T02:38:30","slug":"reajuste-de-professores-aprovado-bahia-pagara-2-acima-do-piso-nacional","status":"publish","type":"post","link":"https:\/\/atitudenoticias.com.br\/?p=24894","title":{"rendered":"Reajuste de professores aprovado; Bahia pagar\u00e1 2% acima do piso nacional"},"content":{"rendered":"\n<p class=\"has-text-align-center\"><strong><em>Para 2026, o valor fixado pelo governo federal foi de R$ 5.130,64, para jornada de 40 horas semanais<\/em><\/strong><\/p>\n\n\n\n<p class=\"has-text-align-left\"><br>A Assembl\u00e9ia Legislativa da Bahia (Alba), aprovou, por unanimidade, na sess\u00e3o desta ter\u00e7a-feira, 28, o Projeto de Lei que reajusta os sal\u00e1rios dos professores da rede estadual de ensino.\u00a0Com a aprova\u00e7\u00e3o, a proposta segue para san\u00e7\u00e3o do governador Jer\u00f4nimo Rodrigues (PT).<\/p>\n\n\n\n<p>O texto foi encaminhado \u00e0 Alba no final do m\u00eas de mar\u00e7o e garante, segundo o governo do Estado, um piso acima do nacional. A iniciativa contempla as carreiras do magist\u00e9rio dos ensinos Fundamental e M\u00e9dio, al\u00e9m da doc\u00eancia ind\u00edgena.<\/p>\n\n\n\n<h2 class=\"wp-block-heading\">Valores<\/h2>\n\n\n\n<p class=\"has-text-align-left\">Para 2026, o valor fixado pelo governo federal foi de\u00a0<strong>R$ 5.130,64<\/strong>, para jornada de 40 horas semanais,<strong>\u00a0representando reajuste de 5,4% em rela\u00e7\u00e3o ao ano anterior.<\/strong><\/p>\n\n\n\n<p class=\"has-text-align-left\">A proposta do Estado prev\u00ea&nbsp;<strong>recomposi\u00e7\u00e3o de 3,3%&nbsp;<\/strong>sobre o valor praticado em 2025, com efeito retroativo, e&nbsp;<strong>acr\u00e9scimo de 2% a partir de junho<\/strong>. Com a medida,&nbsp;<strong>a Bahia manter\u00e1 o pagamento 2% acima do piso nacional.<\/strong><\/p>\n\n\n\n<p class=\"has-text-align-left\">Com a aprova\u00e7\u00e3o da proposta, o piso na rede estadual ser\u00e1 fixado em R$ 5.130,64, e passando, posteriormente, a R$ 5.233,26. <strong><em>(ATarde)<\/em><\/strong><br><\/p>\n","protected":false},"excerpt":{"rendered":"<p>Para 2026, o valor fixado pelo governo federal foi de R$ 5.130,64, para jornada de&hellip;<\/p>\n","protected":false},"author":2,"featured_media":24895,"comment_status":"open","ping_status":"open","sticky":false,"template":"","format":"standard","meta":{"footnotes":""},"categories":[22,72],"tags":[],"class_list":["post-24894","post","type-post","status-publish","format-standard","has-post-thumbnail","hentry","category-bahia","category-educacao"],"_links":{"self":[{"href":"https:\/\/atitudenoticias.com.br\/index.php?rest_route=\/wp\/v2\/posts\/24894","targetHints":{"allow":["GET"]}}],"collection":[{"href":"https:\/\/atitudenoticias.com.br\/index.php?rest_route=\/wp\/v2\/posts"}],"about":[{"href":"https:\/\/atitudenoticias.com.br\/index.php?rest_route=\/wp\/v2\/types\/post"}],"author":[{"embeddable":true,"href":"https:\/\/atitudenoticias.com.br\/index.php?rest_route=\/wp\/v2\/users\/2"}],"replies":[{"embeddable":true,"href":"https:\/\/atitudenoticias.com.br\/index.php?rest_route=%2Fwp%2Fv2%2Fcomments&post=24894"}],"version-history":[{"count":1,"href":"https:\/\/atitudenoticias.com.br\/index.php?rest_route=\/wp\/v2\/posts\/24894\/revisions"}],"predecessor-version":[{"id":24896,"href":"https:\/\/atitudenoticias.com.br\/index.php?rest_route=\/wp\/v2\/posts\/24894\/revisions\/24896"}],"wp:featuredmedia":[{"embeddable":true,"href":"https:\/\/atitudenoticias.com.br\/index.php?rest_route=\/wp\/v2\/media\/24895"}],"wp:attachment":[{"href":"https:\/\/atitudenoticias.com.br\/index.php?rest_route=%2Fwp%2Fv2%2Fmedia&parent=24894"}],"wp:term":[{"taxonomy":"category","embeddable":true,"href":"https:\/\/atitudenoticias.com.br\/index.php?rest_route=%2Fwp%2Fv2%2Fcategories&post=24894"},{"taxonomy":"post_tag","embeddable":true,"href":"https:\/\/atitudenoticias.com.br\/index.php?rest_route=%2Fwp%2Fv2%2Ftags&post=24894"}],"curies":[{"name":"wp","href":"https:\/\/api.w.org\/{rel}","templated":true}]}}