{"id":24897,"date":"2026-04-27T23:44:34","date_gmt":"2026-04-28T02:44:34","guid":{"rendered":"https:\/\/atitudenoticias.com.br\/?p=24897"},"modified":"2026-04-28T23:44:52","modified_gmt":"2026-04-29T02:44:52","slug":"show-de-natanzinho-pode-ser-suspenso-na-bahia-apos-ultrapassar-teto-de-cache","status":"publish","type":"post","link":"https:\/\/atitudenoticias.com.br\/?p=24897","title":{"rendered":"Show de Natanzinho pode ser suspenso na Bahia ap\u00f3s ultrapassar teto de cach\u00ea"},"content":{"rendered":"\n<p class=\"has-text-align-center\"><strong><em>O artista foi contratado para se apresentar no m\u00eas de maio<\/em><\/strong><\/p>\n\n\n\n<p class=\"has-text-align-left\"><strong>Natanzinho Lima <\/strong>est\u00e1 prestes a remover um show de sua agenda do m\u00eas de maio. O Minist\u00e9rio P\u00fablico da Bahia recomendou a suspens\u00e3o do contrato de apresenta\u00e7\u00e3o do artista na 40\u00aa Vaquejada de\u00a0<em>Formosa do Rio Preto<\/em>, cidade localizada no oeste baiano.<\/p>\n\n\n\n<p>A recomenda\u00e7\u00e3o foi feita pelo promotor de Justi\u00e7a Daniel Auto de Albuquerque, que alegou uma ultrapassagem do teto de R$ 700 mil para cach\u00eas de artistas em eventos da Bahia durante as festividades juninas. <\/p>\n\n\n\n<p>De acordo com o documento, o cantor foi contratado pelo montante de&nbsp;<strong>R$ 800 mil<\/strong>, acendendo um alerta. Daniel Albuquerque explicou que o valor \u00e9 acima da m\u00e9dia de 2025, que foi de aproximadamente R$ 604 mil. \u201cO valor contratado pelo munic\u00edpio representa um acr\u00e9scimo de cerca de 28%\u201d, explicou.<\/p>\n\n\n\n<h2 class=\"wp-block-heading\">Legalidade da contrata\u00e7\u00e3o<\/h2>\n\n\n\n<p>A recomenda\u00e7\u00e3o do MP \u00e9 de que a prefeitura de Formosa do Rio Preto suspenda o contrato do artista e interrompa o pagamento integral do valor. A medida ser\u00e1 v\u00e1lida at\u00e9 a apresenta\u00e7\u00e3o de documentos comprobat\u00f3rios de regularidade da contrata\u00e7\u00e3o.<\/p>\n\n\n\n<h3 class=\"wp-block-heading\">O \u00f3rg\u00e3o ainda exige que a gest\u00e3o municipal envie o processo completo de inexigibilidade de licita\u00e7\u00e3o, juntamente com a justificativa do pre\u00e7o, demonstra\u00e7\u00e3o financeira do munic\u00edpio e an\u00e1lise do impacto da despesa nas contas p\u00fablicas.<\/h3>\n\n\n\n<p>Eles ter\u00e3o cerca de 10 dias para decidir se acatam ou n\u00e3o a recomenda\u00e7\u00e3o do Minist\u00e9rio P\u00fablico. Caso o pedido seja negado, o MP poder\u00e1 acionar a Justi\u00e7a para uma medida mais dura.<\/p>\n\n\n\n<h2 class=\"wp-block-heading\">Teto de cach\u00eas na Bahia<\/h2>\n\n\n\n<p>Em mar\u00e7o deste ano, o <em>Minist\u00e9rio P\u00fablico da Bahia (MPBA)<\/em> divulgou as diretrizes com rela\u00e7\u00e3o aos valores utilizados pelas prefeituras do estado para a contrata\u00e7\u00e3o de artistas durante o S\u00e3o Jo\u00e3o.<\/p>\n\n\n\n<p>A medida foi anunciada em parceria com os Tribunais de Contas dos Munic\u00edpios (TCM\/BA), o Estado da Bahia (TCE\/BA) e os demais Minist\u00e9rios P\u00fablicos do Nordeste, visando garantir que a m\u00e9dia do somat\u00f3rio dos cach\u00eas dos artistas n\u00e3o ultrapasse o valor do ano anterior, chegando a um \u201climite superior de aten\u00e7\u00e3o\u201d.<\/p>\n\n\n\n<p class=\"has-text-align-left\">O documento busca alinhar as contrata\u00e7\u00f5es art\u00edsticas \u00e0 Nova Lei de Licita\u00e7\u00f5es (Lei n\u00ba 14.133\/2021) e \u00e0 Lei de Responsabilidade Fiscal. De acordo com os \u00f3rg\u00e3os de controle, a iniciativa n\u00e3o visa restringir as festas, mas sim mitigar riscos institucionais e assegurar a probidade administrativa.<em><strong> (ATarde)<\/strong><\/em><br><br><\/p>\n","protected":false},"excerpt":{"rendered":"<p>O artista foi contratado para se apresentar no m\u00eas de maio Natanzinho Lima est\u00e1 prestes&hellip;<\/p>\n","protected":false},"author":2,"featured_media":24898,"comment_status":"open","ping_status":"open","sticky":false,"template":"","format":"standard","meta":{"footnotes":""},"categories":[22,62,35],"tags":[],"class_list":["post-24897","post","type-post","status-publish","format-standard","has-post-thumbnail","hentry","category-bahia","category-justica","category-musica"],"_links":{"self":[{"href":"https:\/\/atitudenoticias.com.br\/index.php?rest_route=\/wp\/v2\/posts\/24897","targetHints":{"allow":["GET"]}}],"collection":[{"href":"https:\/\/atitudenoticias.com.br\/index.php?rest_route=\/wp\/v2\/posts"}],"about":[{"href":"https:\/\/atitudenoticias.com.br\/index.php?rest_route=\/wp\/v2\/types\/post"}],"author":[{"embeddable":true,"href":"https:\/\/atitudenoticias.com.br\/index.php?rest_route=\/wp\/v2\/users\/2"}],"replies":[{"embeddable":true,"href":"https:\/\/atitudenoticias.com.br\/index.php?rest_route=%2Fwp%2Fv2%2Fcomments&post=24897"}],"version-history":[{"count":1,"href":"https:\/\/atitudenoticias.com.br\/index.php?rest_route=\/wp\/v2\/posts\/24897\/revisions"}],"predecessor-version":[{"id":24899,"href":"https:\/\/atitudenoticias.com.br\/index.php?rest_route=\/wp\/v2\/posts\/24897\/revisions\/24899"}],"wp:featuredmedia":[{"embeddable":true,"href":"https:\/\/atitudenoticias.com.br\/index.php?rest_route=\/wp\/v2\/media\/24898"}],"wp:attachment":[{"href":"https:\/\/atitudenoticias.com.br\/index.php?rest_route=%2Fwp%2Fv2%2Fmedia&parent=24897"}],"wp:term":[{"taxonomy":"category","embeddable":true,"href":"https:\/\/atitudenoticias.com.br\/index.php?rest_route=%2Fwp%2Fv2%2Fcategories&post=24897"},{"taxonomy":"post_tag","embeddable":true,"href":"https:\/\/atitudenoticias.com.br\/index.php?rest_route=%2Fwp%2Fv2%2Ftags&post=24897"}],"curies":[{"name":"wp","href":"https:\/\/api.w.org\/{rel}","templated":true}]}}