{"id":24903,"date":"2026-04-29T00:19:21","date_gmt":"2026-04-29T03:19:21","guid":{"rendered":"https:\/\/atitudenoticias.com.br\/?p=24903"},"modified":"2026-04-29T00:19:22","modified_gmt":"2026-04-29T03:19:22","slug":"nissan-prepara-saida-de-pais-apos-fechamento-de-fabrica-historica","status":"publish","type":"post","link":"https:\/\/atitudenoticias.com.br\/?p=24903","title":{"rendered":"Nissan prepara sa\u00edda de pa\u00eds ap\u00f3s fechamento de f\u00e1brica hist\u00f3rica"},"content":{"rendered":"\n<p class=\"has-text-align-center\"><strong><em>Empresa\u00a0busca compradores para assumir a opera\u00e7\u00e3o na Argentina<\/em><\/strong><\/p>\n\n\n\n<p>A Nissan confirmou que est\u00e1 em negocia\u00e7\u00e3o para transferir sua opera\u00e7\u00e3o comercial na Argentina aos grupos SIMPA e Tagle, em mais um movimento de reorganiza\u00e7\u00e3o na regi\u00e3o. A iniciativa ocorre ap\u00f3s o encerramento da produ\u00e7\u00e3o da picape Frontier no pa\u00eds e faz parte de uma estrat\u00e9gia mais ampla de simplifica\u00e7\u00e3o das opera\u00e7\u00f5es na Am\u00e9rica Latina.<\/p>\n\n\n\n<p>A empresa informou que firmou um memorando de entendimento com os dois grupos para estudar a ado\u00e7\u00e3o de um modelo baseado em distribui\u00e7\u00e3o local. Na pr\u00e1tica, isso pode significar o fim da atua\u00e7\u00e3o direta da subsidi\u00e1ria argentina, com a marca passando a operar por meio de parceiros no mercado.<\/p>\n\n\n\n<p>O processo ainda est\u00e1 em fase de an\u00e1lise, incluindo avalia\u00e7\u00f5es comerciais, jur\u00eddicas e operacionais. A montadora ressalta que n\u00e3o h\u00e1 decis\u00e3o final tomada at\u00e9 o momento.<\/p>\n\n\n\n<p>Mesmo com as negocia\u00e7\u00f5es em andamento, a companhia afirma que suas atividades seguem sem mudan\u00e7as para o consumidor. \u201cAs opera\u00e7\u00f5es comerciais da Nissan na Argentina continuar\u00e3o se desenvolvendo com normalidade, mantendo a comercializa\u00e7\u00e3o de seu portf\u00f3lio de produtos, o lan\u00e7amento de novos modelos e a presta\u00e7\u00e3o dos\u00a0servi\u00e7os\u00a0de atendimento e p\u00f3s-venda\u201d.<\/p>\n\n\n\n<p id=\"paragrafo-z7ih4np8hn\"><strong>Novo modelo<\/strong><\/p>\n\n\n\n<p id=\"paragrafo-usmv3g62j7\">A proposta&nbsp; prev\u00ea que a Argentina adote um formato j\u00e1 utilizado em outros pa\u00edses da regi\u00e3o, com foco na importa\u00e7\u00e3o e distribui\u00e7\u00e3o de ve\u00edculos. Esse modelo integra a estrat\u00e9gia global da empresa para tornar suas opera\u00e7\u00f5es mais enxutas em mercados considerados n\u00e3o priorit\u00e1rios para produ\u00e7\u00e3o local.<\/p>\n\n\n\n<p id=\"paragrafo-si6put0gww\">A mudan\u00e7a ocorre na sequ\u00eancia do encerramento da fabrica\u00e7\u00e3o da Frontier na planta de Santa Isabel, em C\u00f3rdoba. A produ\u00e7\u00e3o da picape come\u00e7ou em 2018, em uma linha compartilhada com a Renault, e foi oficialmente encerrada em 9 de outubro de 2025, ap\u00f3s an\u00fancio feito meses antes.<\/p>\n\n\n\n<p id=\"paragrafo-a7pht6xz57\">Desde ent\u00e3o, a Nissan deixou de atuar como fabricante no pa\u00eds e passou a operar apenas com ve\u00edculos importados. A unidade industrial permaneceu sob controle da Renault, que manteve suas atividades no complexo.<\/p>\n\n\n\n<p id=\"paragrafo-7qjmbkmbmu\">Segundo a empresa, a reestrutura\u00e7\u00e3o est\u00e1 alinhada ao plano global Re:Nissan, voltado a aumentar a competitividade e revisar a atua\u00e7\u00e3o em diferentes mercados. \u201cPor meio do seu plano de reestrutura\u00e7\u00e3o Re:Nissan, a companhia continua avan\u00e7ando no fortalecimento de sua competitividade, na otimiza\u00e7\u00e3o de seu portf\u00f3lio de produtos e na incorpora\u00e7\u00e3o\u00a0de tecnologias\u00a0de pr\u00f3xima gera\u00e7\u00e3o\u201d.<\/p>\n\n\n\n<p id=\"paragrafo-4vywcueqf5\">A montadora n\u00e3o detalhou prazos para a conclus\u00e3o das negocia\u00e7\u00f5es nem poss\u00edveis impactos administrativos da mudan\u00e7a na Argentina.<\/p>\n\n\n\n<p><strong>Outros pa\u00edses<\/strong>:<\/p>\n\n\n\n<p id=\"paragrafo-96vhwim2eg\">Na Am\u00e9rica Latina, a estrat\u00e9gia j\u00e1 foi aplicada recentemente em outros pa\u00edses. Em janeiro de 2026, Chile e Peru passaram a ter suas opera\u00e7\u00f5es comerciais conduzidas pelo grupo Astara, adotando o mesmo modelo de importa\u00e7\u00e3o e distribui\u00e7\u00e3o.<\/p>\n\n\n\n<p id=\"paragrafo-srjkg6fkfo\">Esses mercados passaram a integrar a divis\u00e3o respons\u00e1vel por pa\u00edses importadores da marca na regi\u00e3o, que re\u00fane atualmente 36 mercados latino-americanos atendidos sem opera\u00e7\u00e3o direta da montadora.<\/p>\n\n\n\n<p id=\"paragrafo-zfiovwlk71\">Os grupos SIMPA e Tagle, que negociam com a Nissan, atuam no setor automotivo argentino, com presen\u00e7a em representa\u00e7\u00e3o de marcas e redes de concession\u00e1rias. Caso o acordo avance, eles poder\u00e3o assumir conjuntamente a distribui\u00e7\u00e3o da marca no pa\u00eds.<\/p>\n\n\n\n<p id=\"paragrafo-y3qigcu3lk\">At\u00e9 a defini\u00e7\u00e3o do futuro da opera\u00e7\u00e3o, a empresa garante que n\u00e3o haver\u00e1 interrup\u00e7\u00f5es no atendimento ao p\u00fablico nem mudan\u00e7as imediatas na rede de concession\u00e1rias, respons\u00e1vel por vendas, revis\u00f5es e fornecimento de pe\u00e7as<em><strong>. (Correio24hs)<\/strong><\/em><\/p>\n\n\n\n<p><\/p>\n\n\n\n<p><\/p>\n","protected":false},"excerpt":{"rendered":"<p>Empresa\u00a0busca compradores para assumir a opera\u00e7\u00e3o na Argentina A Nissan confirmou que est\u00e1 em negocia\u00e7\u00e3o&hellip;<\/p>\n","protected":false},"author":2,"featured_media":24904,"comment_status":"open","ping_status":"open","sticky":false,"template":"","format":"standard","meta":{"footnotes":""},"categories":[20,56],"tags":[],"class_list":["post-24903","post","type-post","status-publish","format-standard","has-post-thumbnail","hentry","category-brasil","category-economia"],"_links":{"self":[{"href":"https:\/\/atitudenoticias.com.br\/index.php?rest_route=\/wp\/v2\/posts\/24903","targetHints":{"allow":["GET"]}}],"collection":[{"href":"https:\/\/atitudenoticias.com.br\/index.php?rest_route=\/wp\/v2\/posts"}],"about":[{"href":"https:\/\/atitudenoticias.com.br\/index.php?rest_route=\/wp\/v2\/types\/post"}],"author":[{"embeddable":true,"href":"https:\/\/atitudenoticias.com.br\/index.php?rest_route=\/wp\/v2\/users\/2"}],"replies":[{"embeddable":true,"href":"https:\/\/atitudenoticias.com.br\/index.php?rest_route=%2Fwp%2Fv2%2Fcomments&post=24903"}],"version-history":[{"count":1,"href":"https:\/\/atitudenoticias.com.br\/index.php?rest_route=\/wp\/v2\/posts\/24903\/revisions"}],"predecessor-version":[{"id":24905,"href":"https:\/\/atitudenoticias.com.br\/index.php?rest_route=\/wp\/v2\/posts\/24903\/revisions\/24905"}],"wp:featuredmedia":[{"embeddable":true,"href":"https:\/\/atitudenoticias.com.br\/index.php?rest_route=\/wp\/v2\/media\/24904"}],"wp:attachment":[{"href":"https:\/\/atitudenoticias.com.br\/index.php?rest_route=%2Fwp%2Fv2%2Fmedia&parent=24903"}],"wp:term":[{"taxonomy":"category","embeddable":true,"href":"https:\/\/atitudenoticias.com.br\/index.php?rest_route=%2Fwp%2Fv2%2Fcategories&post=24903"},{"taxonomy":"post_tag","embeddable":true,"href":"https:\/\/atitudenoticias.com.br\/index.php?rest_route=%2Fwp%2Fv2%2Ftags&post=24903"}],"curies":[{"name":"wp","href":"https:\/\/api.w.org\/{rel}","templated":true}]}}