{"id":24906,"date":"2026-04-28T00:24:46","date_gmt":"2026-04-28T03:24:46","guid":{"rendered":"https:\/\/atitudenoticias.com.br\/?p=24906"},"modified":"2026-04-29T00:33:13","modified_gmt":"2026-04-29T03:33:13","slug":"prefeitura-de-santo-estevao-lanca-oficialmente-o-sao-joao-2026-com-tema-cidade-destino","status":"publish","type":"post","link":"https:\/\/atitudenoticias.com.br\/?p=24906","title":{"rendered":"Prefeitura de Santo Est\u00eav\u00e3o lan\u00e7a oficialmente o S\u00e3o Jo\u00e3o 2026 com tema \u201cCidade Destino\u201d"},"content":{"rendered":"\n<p class=\"has-text-align-center\"><strong><em>Com tradi\u00e7\u00e3o, organiza\u00e7\u00e3o e grandes atra\u00e7\u00f5es, o S\u00e3o Jo\u00e3o de Santo Est\u00eav\u00e3o segue se consolidando como um dos mais aguardados da Bahia<\/em><\/strong><\/p>\n\n\n\n<p><\/p>\n\n\n\n<p>Na noite da \u00faltima sexta-feira, 24 de abril, a Prefeitura de Santo Est\u00eav\u00e3o realizou o lan\u00e7amento oficial do S\u00e3o Jo\u00e3o 2026, consolidando mais uma vez o munic\u00edpio como refer\u00eancia entre os grandes festejos juninos da Bahia. O evento aconteceu por meio de uma coletiva de imprensa, reunindo autoridades, imprensa regional, convidados e a comunidade para a apresenta\u00e7\u00e3o oficial da programa\u00e7\u00e3o e do tema deste ano: \u201cCidade Destino\u201d.<\/p>\n\n\n\n<p>A proposta refor\u00e7a Santo Est\u00eav\u00e3o como um dos principais destinos juninos da regi\u00e3o, destacando n\u00e3o apenas a grandiosidade da festa, mas tamb\u00e9m sua localiza\u00e7\u00e3o estrat\u00e9gica, a tradi\u00e7\u00e3o cultural, a hospitalidade do povo santo-estevense e toda a estrutura preparada para receber moradores e visitantes entre os dias 06 e 24 de junho.<\/p>\n\n\n\n<p>Durante o lan\u00e7amento, foram anunciadas as atra\u00e7\u00f5es que ir\u00e3o compor a grade oficial da festa, entre elas Jheovane, Tio Barnab\u00e9, Fl\u00e1vio Leandro, Iguinho e Lulinha, Zezo, Rey Vaqueiro, Jonas Esticado, Os Falc\u00f5es, Simone Morena, Igor Rei da Farra, Tarc\u00edsio do Acordeon, Dorgival Dantas, Naldo Lima, Caviar com Rapadura, Manim Vaqueiro, Adelmario Coelho, Santana, Tayrone, Harmonia e outras atra\u00e7\u00f5es que prometem fazer desta edi\u00e7\u00e3o uma das maiores da hist\u00f3ria do munic\u00edpio.<\/p>\n\n\n\n<p>O prefeito Tiago Dias destacou a import\u00e2ncia do evento para o fortalecimento da cultura e da economia local.<\/p>\n\n\n\n<p>\u201cEstamos preparando um S\u00e3o Jo\u00e3o grandioso, pensado com muito carinho para nossa popula\u00e7\u00e3o e tamb\u00e9m para todos que escolhem Santo Est\u00eav\u00e3o como destino nesse per\u00edodo. O tema Cidade Destino representa exatamente isso: somos uma cidade preparada para receber bem, com tradi\u00e7\u00e3o, seguran\u00e7a, cultura e uma festa que movimenta nossa economia e fortalece nossa identidade\u201d, afirmou o prefeito.<\/p>\n\n\n\n<p>O secret\u00e1rio municipal de Cultura, Turismo, Esporte e Lazer, Rangel Campos, tamb\u00e9m ressaltou o planejamento e a proposta da edi\u00e7\u00e3o 2026.<\/p>\n\n\n\n<p>\u201cEsse S\u00e3o Jo\u00e3o foi constru\u00eddo com muita responsabilidade, valorizando nossas ra\u00edzes e buscando oferecer uma experi\u00eancia completa para quem vive e para quem visita Santo Est\u00eav\u00e3o. Cidade Destino \u00e9 mais que um tema, \u00e9 um posicionamento que mostra a for\u00e7a cultural e tur\u00edstica do nosso munic\u00edpio\u201d, destacou.<\/p>\n\n\n\n<p>Antes do show principal da noite, o p\u00fablico acompanhou uma linda apresenta\u00e7\u00e3o da quadrilha junina local \u00da9\u00e9Dez, que levou ao palco toda a beleza, tradi\u00e7\u00e3o e identidade cultural das festas nordestinas, refor\u00e7ando o valor das manifesta\u00e7\u00f5es culturais do munic\u00edpio e aquecendo ainda mais o clima junino.<\/p>\n\n\n\n<p>Logo em seguida, o p\u00fablico presente p\u00f4de prestigiar um grande show com Thaise Lanuzza, animando a noite e dando o tom festivo ao lan\u00e7amento oficial do S\u00e3o Jo\u00e3o 2026.<\/p>\n\n\n\n<p>Com tradi\u00e7\u00e3o, organiza\u00e7\u00e3o e grandes atra\u00e7\u00f5es, o S\u00e3o Jo\u00e3o de Santo Est\u00eav\u00e3o segue se consolidando como um dos mais aguardados da Bahia, fortalecendo a cidade como refer\u00eancia no calend\u00e1rio junino e reafirmando seu lugar como a verdadeira Cidade Destino dos festejos de S\u00e3o Jo\u00e3o.<em><strong> (ASCOM)<\/strong><\/em><\/p>\n","protected":false},"excerpt":{"rendered":"<p>Com tradi\u00e7\u00e3o, organiza\u00e7\u00e3o e grandes atra\u00e7\u00f5es, o S\u00e3o Jo\u00e3o de Santo Est\u00eav\u00e3o segue se consolidando&hellip;<\/p>\n","protected":false},"author":2,"featured_media":24907,"comment_status":"open","ping_status":"open","sticky":false,"template":"","format":"standard","meta":{"footnotes":""},"categories":[66,63],"tags":[],"class_list":["post-24906","post","type-post","status-publish","format-standard","has-post-thumbnail","hentry","category-municipios","category-sao-joao"],"_links":{"self":[{"href":"https:\/\/atitudenoticias.com.br\/index.php?rest_route=\/wp\/v2\/posts\/24906","targetHints":{"allow":["GET"]}}],"collection":[{"href":"https:\/\/atitudenoticias.com.br\/index.php?rest_route=\/wp\/v2\/posts"}],"about":[{"href":"https:\/\/atitudenoticias.com.br\/index.php?rest_route=\/wp\/v2\/types\/post"}],"author":[{"embeddable":true,"href":"https:\/\/atitudenoticias.com.br\/index.php?rest_route=\/wp\/v2\/users\/2"}],"replies":[{"embeddable":true,"href":"https:\/\/atitudenoticias.com.br\/index.php?rest_route=%2Fwp%2Fv2%2Fcomments&post=24906"}],"version-history":[{"count":1,"href":"https:\/\/atitudenoticias.com.br\/index.php?rest_route=\/wp\/v2\/posts\/24906\/revisions"}],"predecessor-version":[{"id":24908,"href":"https:\/\/atitudenoticias.com.br\/index.php?rest_route=\/wp\/v2\/posts\/24906\/revisions\/24908"}],"wp:featuredmedia":[{"embeddable":true,"href":"https:\/\/atitudenoticias.com.br\/index.php?rest_route=\/wp\/v2\/media\/24907"}],"wp:attachment":[{"href":"https:\/\/atitudenoticias.com.br\/index.php?rest_route=%2Fwp%2Fv2%2Fmedia&parent=24906"}],"wp:term":[{"taxonomy":"category","embeddable":true,"href":"https:\/\/atitudenoticias.com.br\/index.php?rest_route=%2Fwp%2Fv2%2Fcategories&post=24906"},{"taxonomy":"post_tag","embeddable":true,"href":"https:\/\/atitudenoticias.com.br\/index.php?rest_route=%2Fwp%2Fv2%2Ftags&post=24906"}],"curies":[{"name":"wp","href":"https:\/\/api.w.org\/{rel}","templated":true}]}}