{"id":24909,"date":"2026-04-29T00:31:06","date_gmt":"2026-04-29T03:31:06","guid":{"rendered":"https:\/\/atitudenoticias.com.br\/?p=24909"},"modified":"2026-04-29T00:32:29","modified_gmt":"2026-04-29T03:32:29","slug":"isas-realiza-a-vii-feira-solidarizar-da-ideia-a-acao","status":"publish","type":"post","link":"https:\/\/atitudenoticias.com.br\/?p=24909","title":{"rendered":"ISAS realiza a VII Feira Solidarizar: Da Ideia \u00e0 A\u00e7\u00e3o"},"content":{"rendered":"\n<p class=\"has-text-align-center\"><strong><em>O Instituto de Sa\u00fade e A\u00e7\u00e3o Social (ISAS) \u00e9 uma organiza\u00e7\u00e3o sem fins lucrativos que, h\u00e1 mais de 35 anos, atua com excel\u00eancia e prop\u00f3sito na promo\u00e7\u00e3o da sa\u00fade e da assist\u00eancia social<\/em><\/strong><\/p>\n\n\n\n<p>Acontece dias 5 e 6 de maio de 2026 a VII Feira Solidarizar: Da Ideia \u00e0 A\u00e7\u00e3o. A promo\u00e7\u00e3o \u00e9 do Instituto de Sa\u00fade e A\u00e7\u00e3o Social (ISAS)., com o objetivo de valorizar o artesanato (croch\u00ea, macram\u00ea, bonecas de pano, tric\u00f4\u2026) al\u00e9m de produtos de Aromoterapia (sabonetes, difusores de ambiente, escalda p\u00e9s, velas\u2026), que fortalecem hist\u00f3rias, fam\u00edlias e a economia da comunidade. A coordenadora L\u00facia Margarida Alves de Figueredo informa que a ideia \u00e9 ajudar uma m\u00e3e e comprar o presente de sua m\u00e3e \u2013 \u00e9 a economia circular. Aos interessados o evento acontece na rua Antenor Moreira Pinho, 75, Jardim Ac\u00e1cia, Feira de Santana, sempre entre as 9h \u00e0s 17h.<\/p>\n\n\n\n<p><strong><em>Sobre o ISAS:<\/em><\/strong><\/p>\n\n\n\n<p>O Instituto de Sa\u00fade e A\u00e7\u00e3o Social (ISAS) \u00e9 uma organiza\u00e7\u00e3o sem fins lucrativos que, h\u00e1 mais de 35 anos, atua com excel\u00eancia e prop\u00f3sito na promo\u00e7\u00e3o da sa\u00fade e da assist\u00eancia social. Fundado em Feira de Santana, na Bahia, o ISAS nasceu do desejo genu\u00edno de servir e transformar realidades, tornando-se uma refer\u00eancia no cuidado humanizado e no impacto social. Com sede em Feira de Santana, o ISAS j\u00e1 atuou em mais de 100 munic\u00edpios, com uma equipe formada por mais de 1.000 colaboradores diretos e indiretos. As a\u00e7\u00f5es j\u00e1 impactaram positivamente a vida de mais de 50 mil pessoas, oferecendo acesso \u00e0 sa\u00fade, acolhimento social e oportunidades de uma vida mais digna.<strong><em> (ASCOM)<\/em><\/strong><\/p>\n\n\n\n<figure class=\"wp-block-image size-large\"><img fetchpriority=\"high\" decoding=\"async\" width=\"835\" height=\"1024\" src=\"https:\/\/atitudenoticias.com.br\/wp-content\/uploads\/2026\/04\/ISAS-realiza-a-VII-Feira-Solidarizar-Da-Ideia-a-Acao-835x1024.jpg\" alt=\"\" class=\"wp-image-24910\" srcset=\"https:\/\/atitudenoticias.com.br\/wp-content\/uploads\/2026\/04\/ISAS-realiza-a-VII-Feira-Solidarizar-Da-Ideia-a-Acao-835x1024.jpg 835w, https:\/\/atitudenoticias.com.br\/wp-content\/uploads\/2026\/04\/ISAS-realiza-a-VII-Feira-Solidarizar-Da-Ideia-a-Acao-245x300.jpg 245w, https:\/\/atitudenoticias.com.br\/wp-content\/uploads\/2026\/04\/ISAS-realiza-a-VII-Feira-Solidarizar-Da-Ideia-a-Acao-768x942.jpg 768w, https:\/\/atitudenoticias.com.br\/wp-content\/uploads\/2026\/04\/ISAS-realiza-a-VII-Feira-Solidarizar-Da-Ideia-a-Acao-585x718.jpg 585w, https:\/\/atitudenoticias.com.br\/wp-content\/uploads\/2026\/04\/ISAS-realiza-a-VII-Feira-Solidarizar-Da-Ideia-a-Acao.jpg 1080w\" sizes=\"(max-width: 835px) 100vw, 835px\" \/><\/figure>\n","protected":false},"excerpt":{"rendered":"<p>O Instituto de Sa\u00fade e A\u00e7\u00e3o Social (ISAS) \u00e9 uma organiza\u00e7\u00e3o sem fins lucrativos que,&hellip;<\/p>\n","protected":false},"author":2,"featured_media":23547,"comment_status":"open","ping_status":"open","sticky":false,"template":"","format":"standard","meta":{"footnotes":""},"categories":[56,58],"tags":[],"class_list":["post-24909","post","type-post","status-publish","format-standard","has-post-thumbnail","hentry","category-economia","category-feira-de-santana"],"_links":{"self":[{"href":"https:\/\/atitudenoticias.com.br\/index.php?rest_route=\/wp\/v2\/posts\/24909","targetHints":{"allow":["GET"]}}],"collection":[{"href":"https:\/\/atitudenoticias.com.br\/index.php?rest_route=\/wp\/v2\/posts"}],"about":[{"href":"https:\/\/atitudenoticias.com.br\/index.php?rest_route=\/wp\/v2\/types\/post"}],"author":[{"embeddable":true,"href":"https:\/\/atitudenoticias.com.br\/index.php?rest_route=\/wp\/v2\/users\/2"}],"replies":[{"embeddable":true,"href":"https:\/\/atitudenoticias.com.br\/index.php?rest_route=%2Fwp%2Fv2%2Fcomments&post=24909"}],"version-history":[{"count":2,"href":"https:\/\/atitudenoticias.com.br\/index.php?rest_route=\/wp\/v2\/posts\/24909\/revisions"}],"predecessor-version":[{"id":24912,"href":"https:\/\/atitudenoticias.com.br\/index.php?rest_route=\/wp\/v2\/posts\/24909\/revisions\/24912"}],"wp:featuredmedia":[{"embeddable":true,"href":"https:\/\/atitudenoticias.com.br\/index.php?rest_route=\/wp\/v2\/media\/23547"}],"wp:attachment":[{"href":"https:\/\/atitudenoticias.com.br\/index.php?rest_route=%2Fwp%2Fv2%2Fmedia&parent=24909"}],"wp:term":[{"taxonomy":"category","embeddable":true,"href":"https:\/\/atitudenoticias.com.br\/index.php?rest_route=%2Fwp%2Fv2%2Fcategories&post=24909"},{"taxonomy":"post_tag","embeddable":true,"href":"https:\/\/atitudenoticias.com.br\/index.php?rest_route=%2Fwp%2Fv2%2Ftags&post=24909"}],"curies":[{"name":"wp","href":"https:\/\/api.w.org\/{rel}","templated":true}]}}